{"id":3048,"date":"2026-01-09T13:35:33","date_gmt":"2026-01-09T12:35:33","guid":{"rendered":"https:\/\/anpeciudadreal.es\/?p=3048"},"modified":"2026-01-09T13:43:08","modified_gmt":"2026-01-09T12:43:08","slug":"anpe-ve-con-optimismo-el-nuevo-ano","status":"publish","type":"post","link":"https:\/\/anpeciudadreal.es\/index.php\/2026\/01\/09\/anpe-ve-con-optimismo-el-nuevo-ano\/","title":{"rendered":"Anpe ve con optimismo el nuevo a\u00f1o"},"content":{"rendered":"\n<p>Con la presidenta de Anpe Ciudad Real, M\u00f3nica S\u00e1nchez de la Nieta, hablamos de c\u00f3mo afronta el profesorado la vuelta a las clases tras el periodo navide\u00f1o<\/p>\n\n\n\n<figure class=\"wp-block-image size-large is-style-default\"><img loading=\"lazy\" width=\"140\" height=\"79\" src=\"https:\/\/anpeciudadreal.es\/wp-content\/uploads\/2026\/01\/image.jpeg\" alt=\"\" class=\"wp-image-3050\"\/><\/figure>\n\n\n\n<p>Entrevista completa <a href=\"https:\/\/cadenaser.com\/audio\/1767878042020\/\" data-type=\"URL\" data-id=\"https:\/\/cadenaser.com\/audio\/1767878042020\/\">aqu\u00ed<\/a> <\/p>\n","protected":false},"excerpt":{"rendered":"<p>Entrevista a la presidenta de ANPE Ciudad Real en Cadena Ser<\/p>\n","protected":false},"author":1,"featured_media":3054,"comment_status":"closed","ping_status":"closed","sticky":false,"template":"","format":"standard","meta":[],"categories":[2,1],"tags":[27,26],"_links":{"self":[{"href":"https:\/\/anpeciudadreal.es\/index.php\/wp-json\/wp\/v2\/posts\/3048"}],"collection":[{"href":"https:\/\/anpeciudadreal.es\/index.php\/wp-json\/wp\/v2\/posts"}],"about":[{"href":"https:\/\/anpeciudadreal.es\/index.php\/wp-json\/wp\/v2\/types\/post"}],"author":[{"embeddable":true,"href":"https:\/\/anpeciudadreal.es\/index.php\/wp-json\/wp\/v2\/users\/1"}],"replies":[{"embeddable":true,"href":"https:\/\/anpeciudadreal.es\/index.php\/wp-json\/wp\/v2\/comments?post=3048"}],"version-history":[{"count":5,"href":"https:\/\/anpeciudadreal.es\/index.php\/wp-json\/wp\/v2\/posts\/3048\/revisions"}],"predecessor-version":[{"id":3055,"href":"https:\/\/anpeciudadreal.es\/index.php\/wp-json\/wp\/v2\/posts\/3048\/revisions\/3055"}],"wp:featuredmedia":[{"embeddable":true,"href":"https:\/\/anpeciudadreal.es\/index.php\/wp-json\/wp\/v2\/media\/3054"}],"wp:attachment":[{"href":"https:\/\/anpeciudadreal.es\/index.php\/wp-json\/wp\/v2\/media?parent=3048"}],"wp:term":[{"taxonomy":"category","embeddable":true,"href":"https:\/\/anpeciudadreal.es\/index.php\/wp-json\/wp\/v2\/categories?post=3048"},{"taxonomy":"post_tag","embeddable":true,"href":"https:\/\/anpeciudadreal.es\/index.php\/wp-json\/wp\/v2\/tags?post=3048"}],"curies":[{"name":"wp","href":"https:\/\/api.w.org\/{rel}","templated":true}]}}