{"id":3023,"date":"2025-10-29T11:06:17","date_gmt":"2025-10-29T10:06:17","guid":{"rendered":"https:\/\/anpeciudadreal.es\/?p=3023"},"modified":"2025-11-05T11:18:19","modified_gmt":"2025-11-05T10:18:19","slug":"procedimiento-administrativo-en-el-ambito-educativo","status":"publish","type":"post","link":"https:\/\/anpeciudadreal.es\/index.php\/2025\/10\/29\/procedimiento-administrativo-en-el-ambito-educativo\/","title":{"rendered":"JORNADA DE FORMACI\u00d3N. RESOLUCI\u00d3N DE PREGUNTAS PR\u00c1CTICAS DEL PROCESO ADMINISTRATIVO en el \u00c1MBITO EDUCATIVO"},"content":{"rendered":"\t\t<div data-elementor-type=\"wp-post\" data-elementor-id=\"3023\" class=\"elementor elementor-3023\" data-elementor-settings=\"[]\">\n\t\t\t\t\t\t<div class=\"elementor-inner\">\n\t\t\t\t\t\t\t<div class=\"elementor-section-wrap\">\n\t\t\t\t\t\t\t<section class=\"penci-section penci-disSticky penci-structure-10 elementor-section elementor-top-section elementor-element elementor-element-9f942ae elementor-section-boxed elementor-section-height-default elementor-section-height-default\" data-id=\"9f942ae\" data-element_type=\"section\">\n\t\t\t\t\t\t<div class=\"elementor-container elementor-column-gap-default\">\n\t\t\t\t\t\t\t<div class=\"elementor-row\">\n\t\t\t\t\t<div class=\"penci-ercol-100 penci-ercol-order-1 penci-sticky-ct  elementor-column elementor-col-100 elementor-top-column elementor-element elementor-element-66a2ea3\" data-id=\"66a2ea3\" data-element_type=\"column\">\n\t\t\t<div class=\"theiaStickySidebar elementor-column-wrap elementor-element-populated\">\n\t\t\t\t\t\t\t<div class=\"elementor-widget-wrap\">\n\t\t\t\t\t\t<div class=\"elementor-element elementor-element-bf79368 elementor-widget elementor-widget-text-editor\" data-id=\"bf79368\" data-element_type=\"widget\" data-widget_type=\"text-editor.default\">\n\t\t\t\t<div class=\"elementor-widget-container\">\n\t\t\t\t\t<div class=\"elementor-text-editor elementor-clearfix\"><h3 style=\"text-align: center;\"><span style=\"color: #339966;\">JORNADA FORMATIVA ONLINE Y PRESENCIAL, <\/span><\/h3><h3 style=\"text-align: center;\"><span style=\"color: #339966;\">ORGANIZADA POR ANPE CLM DESDE CIUDAD REAL<\/span><\/h3><\/div>\n\t\t\t\t<\/div>\n\t\t\t\t<\/div>\n\t\t\t\t\t\t<\/div>\n\t\t\t\t\t<\/div>\n\t\t<\/div>\n\t\t\t\t\t\t\t\t<\/div>\n\t\t\t\t\t<\/div>\n\t\t<\/section>\n\t\t\t\t<section class=\"penci-section penci-disSticky penci-structure-10 elementor-section elementor-top-section elementor-element elementor-element-32c83f1 elementor-section-boxed elementor-section-height-default elementor-section-height-default\" data-id=\"32c83f1\" data-element_type=\"section\">\n\t\t\t\t\t\t<div class=\"elementor-container elementor-column-gap-default\">\n\t\t\t\t\t\t\t<div class=\"elementor-row\">\n\t\t\t\t\t<div class=\"penci-ercol-100 penci-ercol-order-1 penci-sticky-ct  elementor-column elementor-col-100 elementor-top-column elementor-element elementor-element-44a806a\" data-id=\"44a806a\" data-element_type=\"column\">\n\t\t\t<div class=\"theiaStickySidebar elementor-column-wrap elementor-element-populated\">\n\t\t\t\t\t\t\t<div class=\"elementor-widget-wrap\">\n\t\t\t\t\t\t<div class=\"elementor-element elementor-element-43cb92d elementor-widget elementor-widget-text-editor\" data-id=\"43cb92d\" data-element_type=\"widget\" data-widget_type=\"text-editor.default\">\n\t\t\t\t<div class=\"elementor-widget-container\">\n\t\t\t\t\t<div class=\"elementor-text-editor elementor-clearfix\"><div>Jornadas dirigidas a docentes que quieren reforzar los conocimientos en los derechos y deberes como funcionarios docentes, dudas sobre permisos, licencias, expedientes administrativos&#8230;y otras cuestiones pr\u00e1cticas.<\/div><div>\u00a0<\/div><h5><span style=\"color: #3366ff;\"><b>Dichas Charlas formativas tendr\u00e1n lugar los d\u00edas 25 y 26 de noviembre <\/b><\/span><span style=\"color: #3366ff;\"><b>de 17:00 a 19:00 h.<\/b><\/span><\/h5><div>\u00a0<\/div><h5><span style=\"color: #339966;\">Bloque I,\u00a0<i>martes 25 de noviembre de 17:00 a 19:00 horas.<\/i><\/span><\/h5><h5><span style=\"color: #339966;\">Bloque II,\u00a0<i>mi\u00e9rcoles 26 de\u00a0 noviembre\u00a0de 17:00 a 19:00 horas.<\/i><\/span><\/h5><div>\u00a0<\/div><div><span style=\"color: #99cc00;\"><strong>PONENTES<\/strong>:\u00a0 INSPECTORES\u00a0DE SERVICIOS DE INSPECCI\u00d3N DE CIUDAD REAL<\/span>\u00a0\u00a0<\/div><div><p><span style=\"color: #808080;\">&#8211; D\u00f1a. Yolanda Villase\u00f1or Mart\u00edn<\/span><br \/><span style=\"color: #808080;\">&#8211; D. Jos\u00e9 Luis P\u00e9rez de Ynestrosa Pozuelo<\/span><\/p><\/div><div><b>\u00a1\u00a1\u00a1PLAZAS LIMITADAS!!! Preferentemente para afiliados.<\/b><\/div><div><b>PLAZO DE INSCRIPCI\u00d3N hasta el 24 de noviembre de 2025<\/b><\/div><div>\u00a0<\/div><div><h6><span style=\"color: #808080;\"><b>Modalidad Online __\u00a0<\/b>Plataforma Teams<\/span><\/h6><h6><span style=\"color: #808080;\"><b>Modalidad Presencial __\u00a0<\/b>C\/Estaci\u00f3n V\u00eda Crucis, portal 3, bajo (Ciudad Real)<\/span><\/h6><\/div><div>\u00a0<\/div><div><h4><span style=\"color: #99cc00;\">\u25a0\u00a0<b>PRECIO<\/b>: \u00a0afiliados 5\u20ac, \u00a0no afiliados 30\u20ac.<\/span><\/h4><h6>\u00a0Si deseas afiliarte y beneficiarte del precio como afiliado, pincha a la <a href=\"https:\/\/afiweb.anpesindicato.org\/afil\/solicitudes\/13\">aqu\u00ed<\/a><\/h6><div><h4>\u00a0<\/h4><h4><span style=\"color: #99cc00;\">\u25a0\u00a0<b>INSCRIPCI\u00d3N<\/b>: <\/span><span style=\"color: #000000;\">ESCANEA EL C\u00d3DIGO QR O PINCHA EN EL SIGUIENTE ENLACE<\/span> <a style=\"font-size: 16px; letter-spacing: 0px;\" href=\"https:\/\/forms.gle\/kzYYg3wh5bETqH238\">https:\/\/forms.gle\/kzYYg3wh5bETqH238<\/a><\/h4><\/div><\/div><\/div>\n\t\t\t\t<\/div>\n\t\t\t\t<\/div>\n\t\t\t\t\t\t<\/div>\n\t\t\t\t\t<\/div>\n\t\t<\/div>\n\t\t\t\t\t\t\t\t<\/div>\n\t\t\t\t\t<\/div>\n\t\t<\/section>\n\t\t\t\t<section class=\"penci-section penci-disSticky penci-structure-10 elementor-section elementor-top-section elementor-element elementor-element-90b636b elementor-section-boxed elementor-section-height-default elementor-section-height-default\" data-id=\"90b636b\" data-element_type=\"section\">\n\t\t\t\t\t\t<div class=\"elementor-container elementor-column-gap-default\">\n\t\t\t\t\t\t\t<div class=\"elementor-row\">\n\t\t\t\t\t<div class=\"penci-ercol-100 penci-ercol-order-1 penci-sticky-ct  elementor-column elementor-col-100 elementor-top-column elementor-element elementor-element-ff79145\" data-id=\"ff79145\" data-element_type=\"column\">\n\t\t\t<div class=\"theiaStickySidebar elementor-column-wrap elementor-element-populated\">\n\t\t\t\t\t\t\t<div class=\"elementor-widget-wrap\">\n\t\t\t\t\t\t<div class=\"elementor-element elementor-element-e828810 elementor-widget elementor-widget-image\" data-id=\"e828810\" data-element_type=\"widget\" data-widget_type=\"image.default\">\n\t\t\t\t<div class=\"elementor-widget-container\">\n\t\t\t\t\t<div class=\"elementor-image\">\n\t\t\t\t\t\t\t\t\t\t<img src=\"https:\/\/anpeciudadreal.es\/wp-content\/uploads\/elementor\/thumbs\/Jornada-Proceso-Administrativo-rdwvxjzave6l9xbwh6onv7mgxse306mkg4kgwbidlk.jpg\" title=\"Jornada Proceso Administrativo\" alt=\"Jornada Proceso Administrativo\" \/>\t\t\t\t\t\t\t\t\t\t\t<\/div>\n\t\t\t\t<\/div>\n\t\t\t\t<\/div>\n\t\t\t\t\t\t<\/div>\n\t\t\t\t\t<\/div>\n\t\t<\/div>\n\t\t\t\t\t\t\t\t<\/div>\n\t\t\t\t\t<\/div>\n\t\t<\/section>\n\t\t\t\t<section class=\"penci-section penci-disSticky penci-structure-10 elementor-section elementor-top-section elementor-element elementor-element-c920196 elementor-section-boxed elementor-section-height-default elementor-section-height-default\" data-id=\"c920196\" data-element_type=\"section\">\n\t\t\t\t\t\t<div class=\"elementor-container elementor-column-gap-default\">\n\t\t\t\t\t\t\t<div class=\"elementor-row\">\n\t\t\t\t\t<div class=\"penci-ercol-100 penci-ercol-order-1 penci-sticky-ct  elementor-column elementor-col-100 elementor-top-column elementor-element elementor-element-3452ba7\" data-id=\"3452ba7\" data-element_type=\"column\">\n\t\t\t<div class=\"theiaStickySidebar elementor-column-wrap elementor-element-populated\">\n\t\t\t\t\t\t\t<div class=\"elementor-widget-wrap\">\n\t\t\t\t\t\t<div class=\"elementor-element elementor-element-93fc6ed elementor-aspect-ratio-43 elementor-widget elementor-widget-video\" data-id=\"93fc6ed\" data-element_type=\"widget\" data-settings=\"{&quot;aspect_ratio&quot;:&quot;43&quot;}\" data-widget_type=\"video.default\">\n\t\t\t\t<div class=\"elementor-widget-container\">\n\t\t\t\t\t<div class=\"elementor-wrapper elementor-fit-aspect-ratio elementor-open-inline\">\n\t\t\t\t\t<video class=\"elementor-video\" src=\"https:\/\/anpeciudadreal.es\/wp-content\/uploads\/2025\/10\/WhatsApp-Video-2025-10-29-at-09.16.09-2.mp4\" controls=\"\" controlsList=\"nodownload\"><\/video>\n\t\t\t\t<\/div>\n\t\t\t\t<\/div>\n\t\t\t\t<\/div>\n\t\t\t\t\t\t<\/div>\n\t\t\t\t\t<\/div>\n\t\t<\/div>\n\t\t\t\t\t\t\t\t<\/div>\n\t\t\t\t\t<\/div>\n\t\t<\/section>\n\t\t\t\t\t\t<\/div>\n\t\t\t\t\t\t<\/div>\n\t\t\t\t\t<\/div>\n\t\t","protected":false},"excerpt":{"rendered":"<p>JORNADA FORMATIVA ONLINE Y PRESENCIAL, ORGANIZADA POR ANPE CLM DESDE CIUDAD REAL Jornadas dirigidas a docentes que&hellip;<\/p>\n","protected":false},"author":1,"featured_media":3032,"comment_status":"open","ping_status":"open","sticky":false,"template":"","format":"standard","meta":[],"categories":[4,18],"tags":[],"_links":{"self":[{"href":"https:\/\/anpeciudadreal.es\/index.php\/wp-json\/wp\/v2\/posts\/3023"}],"collection":[{"href":"https:\/\/anpeciudadreal.es\/index.php\/wp-json\/wp\/v2\/posts"}],"about":[{"href":"https:\/\/anpeciudadreal.es\/index.php\/wp-json\/wp\/v2\/types\/post"}],"author":[{"embeddable":true,"href":"https:\/\/anpeciudadreal.es\/index.php\/wp-json\/wp\/v2\/users\/1"}],"replies":[{"embeddable":true,"href":"https:\/\/anpeciudadreal.es\/index.php\/wp-json\/wp\/v2\/comments?post=3023"}],"version-history":[{"count":12,"href":"https:\/\/anpeciudadreal.es\/index.php\/wp-json\/wp\/v2\/posts\/3023\/revisions"}],"predecessor-version":[{"id":3043,"href":"https:\/\/anpeciudadreal.es\/index.php\/wp-json\/wp\/v2\/posts\/3023\/revisions\/3043"}],"wp:featuredmedia":[{"embeddable":true,"href":"https:\/\/anpeciudadreal.es\/index.php\/wp-json\/wp\/v2\/media\/3032"}],"wp:attachment":[{"href":"https:\/\/anpeciudadreal.es\/index.php\/wp-json\/wp\/v2\/media?parent=3023"}],"wp:term":[{"taxonomy":"category","embeddable":true,"href":"https:\/\/anpeciudadreal.es\/index.php\/wp-json\/wp\/v2\/categories?post=3023"},{"taxonomy":"post_tag","embeddable":true,"href":"https:\/\/anpeciudadreal.es\/index.php\/wp-json\/wp\/v2\/tags?post=3023"}],"curies":[{"name":"wp","href":"https:\/\/api.w.org\/{rel}","templated":true}]}}