{"id":2954,"date":"2025-09-11T09:44:05","date_gmt":"2025-09-11T08:44:05","guid":{"rendered":"https:\/\/anpeciudadreal.es\/?p=2954"},"modified":"2025-09-11T09:48:55","modified_gmt":"2025-09-11T08:48:55","slug":"memoria-practicas-eemm-2025-e-informacion-muface-nuevos-mutualistas","status":"publish","type":"post","link":"https:\/\/anpeciudadreal.es\/index.php\/2025\/09\/11\/memoria-practicas-eemm-2025-e-informacion-muface-nuevos-mutualistas\/","title":{"rendered":"Funcionarios en Pr\u00e1cticas. Memoria Pr\u00e1cticas EEMM 2025 e Informaci\u00f3n MUFACE, nuevos mutualistas."},"content":{"rendered":"\t\t<div data-elementor-type=\"wp-post\" data-elementor-id=\"2954\" class=\"elementor elementor-2954\" data-elementor-settings=\"[]\">\n\t\t\t\t\t\t<div class=\"elementor-inner\">\n\t\t\t\t\t\t\t<div class=\"elementor-section-wrap\">\n\t\t\t\t\t\t\t<section class=\"penci-section penci-disSticky penci-structure-10 elementor-section elementor-top-section elementor-element elementor-element-1576bbc elementor-section-boxed elementor-section-height-default elementor-section-height-default\" data-id=\"1576bbc\" data-element_type=\"section\">\n\t\t\t\t\t\t<div class=\"elementor-container elementor-column-gap-default\">\n\t\t\t\t\t\t\t<div class=\"elementor-row\">\n\t\t\t\t\t<div class=\"penci-ercol-100 penci-ercol-order-1 penci-sticky-ct  elementor-column elementor-col-100 elementor-top-column elementor-element elementor-element-6c92e5a\" data-id=\"6c92e5a\" data-element_type=\"column\">\n\t\t\t<div class=\"theiaStickySidebar elementor-column-wrap elementor-element-populated\">\n\t\t\t\t\t\t\t<div class=\"elementor-widget-wrap\">\n\t\t\t\t\t\t<div class=\"elementor-element elementor-element-970a7dd elementor-widget elementor-widget-text-editor\" data-id=\"970a7dd\" data-element_type=\"widget\" data-widget_type=\"text-editor.default\">\n\t\t\t\t<div class=\"elementor-widget-container\">\n\t\t\t\t\t<div class=\"elementor-text-editor elementor-clearfix\"><h1><a href=\"https:\/\/forms.gle\/i6ZRbajyZvfS37QT9\" target=\"_blank\" rel=\"noopener\">Puedes acceder al formulario de inscripci\u00f3n pinchando aqu\u00ed<\/a><\/h1><\/div>\n\t\t\t\t<\/div>\n\t\t\t\t<\/div>\n\t\t\t\t\t\t<\/div>\n\t\t\t\t\t<\/div>\n\t\t<\/div>\n\t\t\t\t\t\t\t\t<\/div>\n\t\t\t\t\t<\/div>\n\t\t<\/section>\n\t\t\t\t<section class=\"penci-section penci-disSticky penci-structure-10 elementor-section elementor-top-section elementor-element elementor-element-423f0a2 elementor-section-boxed elementor-section-height-default elementor-section-height-default\" data-id=\"423f0a2\" data-element_type=\"section\">\n\t\t\t\t\t\t<div class=\"elementor-container elementor-column-gap-default\">\n\t\t\t\t\t\t\t<div class=\"elementor-row\">\n\t\t\t\t\t<div class=\"penci-ercol-100 penci-ercol-order-1 penci-sticky-ct  elementor-column elementor-col-100 elementor-top-column elementor-element elementor-element-299f618\" data-id=\"299f618\" data-element_type=\"column\">\n\t\t\t<div class=\"theiaStickySidebar elementor-column-wrap elementor-element-populated\">\n\t\t\t\t\t\t\t<div class=\"elementor-widget-wrap\">\n\t\t\t\t\t\t<div class=\"elementor-element elementor-element-9e88d1e elementor-widget elementor-widget-text-editor\" data-id=\"9e88d1e\" data-element_type=\"widget\" data-widget_type=\"text-editor.default\">\n\t\t\t\t<div class=\"elementor-widget-container\">\n\t\t\t\t\t<div class=\"elementor-text-editor elementor-clearfix\"><p><img class=\"emoji\" role=\"img\" draggable=\"false\" src=\"https:\/\/s.w.org\/images\/core\/emoji\/13.0.1\/svg\/1f310.svg\" alt=\"\ud83c\udf10\" \/><span style=\"color: #3366ff;\"><strong>ANPECR FORMACI\u00d3N<\/strong><\/span><img class=\"emoji\" role=\"img\" draggable=\"false\" src=\"https:\/\/s.w.org\/images\/core\/emoji\/13.0.1\/svg\/1f310.svg\" alt=\"\ud83c\udf10\" \/><\/p><h5><span style=\"color: #339966;\">Funcionarios\/as en Pr\u00e1cticas<\/span><\/h5><p>En primer lugar, volver a daros la enhorabuena por el logro conseguido.<\/p><p>En esta ocasi\u00f3n el Equipo de ANPE Ciudad Real, pone a vuestra disposici\u00f3n una <strong>charla informativa<\/strong> sobre: <strong>La Memoria de la fase de pr\u00e1cticas<\/strong>, <strong>impartida por D. Juan De Dios Rojo<\/strong>, <em>inspector de Educaci\u00f3n<\/em> <strong>y<\/strong> tambi\u00e9n sobre <strong>la Mutualidad de MUFACE<\/strong>, <strong>impartida por<\/strong> <strong>D. Daniel Peco Aliaga<\/strong>, <em>Director provincial de MUFACE Ciudad Real<\/em>.<\/p><p>Os adjuntamos enlace para asistir bien de forma presencial u online a trav\u00e9s de Google Meet el pr\u00f3ximo mi\u00e9rcoles <strong>17 de septiembre a las 17.00 horas<\/strong>, a la charla informativa de la memoria de pr\u00e1cticas y de la nueva Mutualidad de MUFACE.<\/p><h5><span style=\"color: #3366ff;\"><strong>Inscripciones:<\/strong><\/span>\u00a0<a href=\"https:\/\/forms.gle\/D2UtbXn7isMghpcZ8\">https:\/\/forms.gle\/ST7ScH92XbpnfqP99<\/a><\/h5><p><a style=\"color: #004578; text-decoration-line: underline;\" title=\"Enlace externo, se abre en ventana nueva.\" href=\"https:\/\/www.educacionyfp.gob.es\/dam\/jcr:317287e8-4e85-4834-9e65-627aa6271f9e\/cem2223-plazas-convocadas-por-ccaa-listado-gral.pdf\" target=\"_blank\" rel=\"external noopener\"><span class=\"ns\" style=\"position: absolute !important; top: -99em !important; left: -99em !important; color: #ffffff !important; overflow-wrap: break-word;\">Enlace externo, se abre en ventana nu<\/span><\/a><\/p><\/div>\n\t\t\t\t<\/div>\n\t\t\t\t<\/div>\n\t\t\t\t\t\t<\/div>\n\t\t\t\t\t<\/div>\n\t\t<\/div>\n\t\t\t\t\t\t\t\t<\/div>\n\t\t\t\t\t<\/div>\n\t\t<\/section>\n\t\t\t\t\t\t<\/div>\n\t\t\t\t\t\t<\/div>\n\t\t\t\t\t<\/div>\n\t\t","protected":false},"excerpt":{"rendered":"<p>Puedes acceder al formulario de inscripci\u00f3n pinchando aqu\u00ed ANPECR FORMACI\u00d3N Funcionarios\/as en Pr\u00e1cticas En primer lugar, volver&hellip;<\/p>\n","protected":false},"author":1,"featured_media":2956,"comment_status":"closed","ping_status":"closed","sticky":false,"template":"","format":"standard","meta":[],"categories":[4,18],"tags":[],"_links":{"self":[{"href":"https:\/\/anpeciudadreal.es\/index.php\/wp-json\/wp\/v2\/posts\/2954"}],"collection":[{"href":"https:\/\/anpeciudadreal.es\/index.php\/wp-json\/wp\/v2\/posts"}],"about":[{"href":"https:\/\/anpeciudadreal.es\/index.php\/wp-json\/wp\/v2\/types\/post"}],"author":[{"embeddable":true,"href":"https:\/\/anpeciudadreal.es\/index.php\/wp-json\/wp\/v2\/users\/1"}],"replies":[{"embeddable":true,"href":"https:\/\/anpeciudadreal.es\/index.php\/wp-json\/wp\/v2\/comments?post=2954"}],"version-history":[{"count":10,"href":"https:\/\/anpeciudadreal.es\/index.php\/wp-json\/wp\/v2\/posts\/2954\/revisions"}],"predecessor-version":[{"id":2966,"href":"https:\/\/anpeciudadreal.es\/index.php\/wp-json\/wp\/v2\/posts\/2954\/revisions\/2966"}],"wp:featuredmedia":[{"embeddable":true,"href":"https:\/\/anpeciudadreal.es\/index.php\/wp-json\/wp\/v2\/media\/2956"}],"wp:attachment":[{"href":"https:\/\/anpeciudadreal.es\/index.php\/wp-json\/wp\/v2\/media?parent=2954"}],"wp:term":[{"taxonomy":"category","embeddable":true,"href":"https:\/\/anpeciudadreal.es\/index.php\/wp-json\/wp\/v2\/categories?post=2954"},{"taxonomy":"post_tag","embeddable":true,"href":"https:\/\/anpeciudadreal.es\/index.php\/wp-json\/wp\/v2\/tags?post=2954"}],"curies":[{"name":"wp","href":"https:\/\/api.w.org\/{rel}","templated":true}]}}