{"id":2946,"date":"2025-09-11T09:17:46","date_gmt":"2025-09-11T08:17:46","guid":{"rendered":"https:\/\/anpeciudadreal.es\/?p=2946"},"modified":"2025-09-11T09:19:22","modified_gmt":"2025-09-11T08:19:22","slug":"anpe-reclama-mejores-condiciones-laborales-y-de-conciliacion-para-los-docentes-por-el-futuro-de-la-educacion","status":"publish","type":"post","link":"https:\/\/anpeciudadreal.es\/index.php\/2025\/09\/11\/anpe-reclama-mejores-condiciones-laborales-y-de-conciliacion-para-los-docentes-por-el-futuro-de-la-educacion\/","title":{"rendered":"ANPE reclama mejores condiciones laborales y de conciliaci\u00f3n para los docentes \u201cpor el futuro de la educaci\u00f3n\u201d"},"content":{"rendered":"\t\t<div data-elementor-type=\"wp-post\" data-elementor-id=\"2946\" class=\"elementor elementor-2946\" data-elementor-settings=\"[]\">\n\t\t\t\t\t\t<div class=\"elementor-inner\">\n\t\t\t\t\t\t\t<div class=\"elementor-section-wrap\">\n\t\t\t\t\t\t\t<section class=\"penci-section penci-disSticky penci-structure-10 elementor-section elementor-top-section elementor-element elementor-element-1168a18 elementor-section-boxed elementor-section-height-default elementor-section-height-default\" data-id=\"1168a18\" data-element_type=\"section\">\n\t\t\t\t\t\t<div class=\"elementor-container elementor-column-gap-default\">\n\t\t\t\t\t\t\t<div class=\"elementor-row\">\n\t\t\t\t\t<div class=\"penci-ercol-100 penci-ercol-order-1 penci-sticky-ct  elementor-column elementor-col-100 elementor-top-column elementor-element elementor-element-02d37bf\" data-id=\"02d37bf\" data-element_type=\"column\">\n\t\t\t<div class=\"theiaStickySidebar elementor-column-wrap elementor-element-populated\">\n\t\t\t\t\t\t\t<div class=\"elementor-widget-wrap\">\n\t\t\t\t\t\t<div class=\"elementor-element elementor-element-f56d5bc elementor-aspect-ratio-169 elementor-widget elementor-widget-video\" data-id=\"f56d5bc\" data-element_type=\"widget\" data-settings=\"{&quot;aspect_ratio&quot;:&quot;169&quot;}\" data-widget_type=\"video.default\">\n\t\t\t\t<div class=\"elementor-widget-container\">\n\t\t\t\t\t<div class=\"elementor-wrapper elementor-fit-aspect-ratio elementor-open-inline\">\n\t\t\t<iframe class=\"elementor-video-iframe\" allowfullscreen title=\"Reproductor de v\u00eddeo youtube\" src=\"https:\/\/www.youtube.com\/embed\/39bkNKEbog8?feature=oembed&amp;start&amp;end&amp;wmode=opaque&amp;loop=0&amp;controls=1&amp;mute=0&amp;rel=0&amp;modestbranding=0\"><\/iframe>\t\t<\/div>\n\t\t\t\t<\/div>\n\t\t\t\t<\/div>\n\t\t\t\t\t\t<\/div>\n\t\t\t\t\t<\/div>\n\t\t<\/div>\n\t\t\t\t\t\t\t\t<\/div>\n\t\t\t\t\t<\/div>\n\t\t<\/section>\n\t\t\t\t<section class=\"penci-section penci-disSticky penci-structure-10 elementor-section elementor-top-section elementor-element elementor-element-42fa8ab9 elementor-section-boxed elementor-section-height-default elementor-section-height-default\" data-id=\"42fa8ab9\" data-element_type=\"section\">\n\t\t\t\t\t\t<div class=\"elementor-container elementor-column-gap-default\">\n\t\t\t\t\t\t\t<div class=\"elementor-row\">\n\t\t\t\t\t<div class=\"penci-ercol-100 penci-ercol-order-1 penci-sticky-ct  elementor-column elementor-col-100 elementor-top-column elementor-element elementor-element-f105549\" data-id=\"f105549\" data-element_type=\"column\">\n\t\t\t<div class=\"theiaStickySidebar elementor-column-wrap elementor-element-populated\">\n\t\t\t\t\t\t\t<div class=\"elementor-widget-wrap\">\n\t\t\t\t\t\t<div class=\"elementor-element elementor-element-638c2876 elementor-widget elementor-widget-text-editor\" data-id=\"638c2876\" data-element_type=\"widget\" data-widget_type=\"text-editor.default\">\n\t\t\t\t<div class=\"elementor-widget-container\">\n\t\t\t\t\t<div class=\"elementor-text-editor elementor-clearfix\"><p style=\"box-sizing: content-box; margin-bottom: 15px; font-size: 18px; line-height: 28px; color: #535252; font-family: Roboto;\"><span style=\"color: #222222; font-family: 'Source Sans Pro'; font-size: 16px;\">Desde ANPE valoran muy positivamente el inicio de este curso escolar 2025\/26 gracias al \u201cimportante\u201d acuerdo de mejora alcanzado con la administraci\u00f3n, que se inici\u00f3 hace tres a\u00f1os. El pasado mes de junio se aprobaron una serie de medidas, que forman parte de un segundo bloque de este acuerdo y se aplicar\u00e1n en este curso escolar.<\/span><\/p><p style=\"box-sizing: content-box; margin-bottom: 15px; font-size: 18px; line-height: 28px; color: #535252; font-family: Roboto;\"><span style=\"color: #222222; font-family: 'Source Sans Pro'; font-size: 16px;\">La presidenta de ANPE Ciudad Real, M\u00f3nica S\u00e1nchez de la Nieta, se\u00f1alaba esta ma\u00f1ana en un desayuno informativo con medios de comunicaci\u00f3n, que las autoridades educativas deber\u00edan reflexionar sobre c\u00f3mo mejorar el rendimiento de los alumnos y la educaci\u00f3n en Castilla-La Mancha. \u201cEl futuro de la educaci\u00f3n- subrayaba- pasa por cuidar a quienes est\u00e1n en el aula\u201d. Si atendemos a nuestros decentes, dec\u00eda, a nivel de condiciones laborales y de conciliaci\u00f3n de la vida familiar, estamos cuidando a nuestros alumnos y a la educaci\u00f3n de nuestra regi\u00f3n.<\/span><\/p><p style=\"margin-right: auto; margin-bottom: 26px; margin-left: auto; overflow-wrap: break-word; font-family: 'Source Sans Pro'; font-size: 16px; color: #222222; line-height: 1.6 !important;\">El acuerdo alcanzado entre sindicatos y administraci\u00f3n, incluye una reducci\u00f3n a 23 horas lectivas en Infantil, Primaria y Educaci\u00f3n Especial. Al mismo tiempo, se incrementan las horas complementarias, \u201cque son utilizadas para mejorar los programas y proyectos que se llevan a cabo en los centros\u201d. Asimismo, S\u00e1nchez de la Nieta a destacado la importancia de consolidar la reducci\u00f3n de ratios, con el fin de atender a la diversidad \u201cconstante\u201d de los centros educativos: 22 alumnos en Infantil, 32 en Bachillerato y, ahora, en la nueva etapa 22 en primero de Primaria, y seguir\u00e1 ampli\u00e1ndose en cursos en a\u00f1os sucesivos. Para la ESO, indicaba, est\u00e1 previsto negociar la bajada de ratios.<\/p><p style=\"margin-right: auto; margin-bottom: 26px; margin-left: auto; overflow-wrap: break-word; font-family: 'Source Sans Pro'; font-size: 16px; color: #222222; line-height: 1.6 !important;\">Por otro lado, indicaba la necesidad de abordar una reducci\u00f3n de las labores burocr\u00e1ticas, \u201cclave para mejorar la calidad educativa\u201d.<\/p><p style=\"margin-right: auto; margin-bottom: 26px; margin-left: auto; overflow-wrap: break-word; font-family: 'Source Sans Pro'; font-size: 16px; color: #222222; line-height: 1.6 !important;\">En cuanto a la adjudicaci\u00f3n a la carta de interinos, se han puesto a disposici\u00f3n de los docentes m\u00e1s de 2.000 plazas. Esta medida facilita la incorporaci\u00f3n inmediata a las aulas y contribuye a la conciliaci\u00f3n de la vida familiar y laboral.<\/p><p style=\"margin-right: auto; margin-bottom: 26px; margin-left: auto; overflow-wrap: break-word; font-family: 'Source Sans Pro'; font-size: 16px; color: #222222; line-height: 1.6 !important;\">Se han celebrado oposiciones en Ense\u00f1anzas Medias, y las pr\u00f3ximas estar\u00e1n dirigidas al cuerpo de Maestros en 2026. Con ello se avanza en el objetivo de reducir la tasa de interinidad, \u201clo que beneficia a los centros porque se incrementa la plantilla org\u00e1nica\u201d.<\/p><p style=\"margin-right: auto; margin-bottom: 26px; margin-left: auto; overflow-wrap: break-word; font-family: 'Source Sans Pro'; font-size: 16px; color: #222222; line-height: 1.6 !important;\">\u201cAplaudimos este acuerdo de mejoras y reiteramos nuestra voluntad de seguir negociando\u201d, a\u00f1ad\u00eda la presidenta de ANPE que tambi\u00e9n espera que otros sindicatos se sumen a los acuerdos. Algunas medidas, puntualizaba, se aplicar\u00e1n este curso, mientras que otras lo har\u00e1n el pr\u00f3ximo.<\/p><p style=\"margin-right: auto; margin-bottom: 26px; margin-left: auto; overflow-wrap: break-word; font-family: 'Source Sans Pro'; font-size: 16px; color: #222222; line-height: 1.6 !important;\">No obstante, desde ANPE son conscientes de que a\u00fan existen nuevas demandas y problemas estructurales que requieren atenci\u00f3n: ratios elevadas en la ESO y en Educaci\u00f3n Especial, necesidad de disminuir la temporalidad en los contratos (especialmente en las adjudicaciones de verano) y la precariedad del colectivo interino.<\/p><p style=\"margin-right: auto; margin-bottom: 26px; margin-left: auto; overflow-wrap: break-word; font-family: 'Source Sans Pro'; font-size: 16px; color: #222222; line-height: 1.6 !important;\">El sindicato reclama una mejora del poder adquisitivo de los docentes, que asumen nuevas tareas y dedican mucho tiempo, sin que se hayan actualizado los complementos espec\u00edficos. Los presupuestos siguen congelados, no hay una subida salarial a la vista y se ha perdido un 20 % del poder adquisitivo, argumentaba su presidenta.<\/p><p style=\"margin-right: auto; margin-bottom: 26px; margin-left: auto; overflow-wrap: break-word; font-family: 'Source Sans Pro'; font-size: 16px; color: #222222; line-height: 1.6 !important;\">Cada vez se presentan menos opositores, debido a la dificultad de la convivencia en las aulas, el bajo poder adquisitivo de los docentes y los crecientes casos de conflictividad escolar, lamentaba S\u00e1nchez de la Nieta. El servicio de ANPE el Defensor del Profesor ha intervenido en m\u00e1s de 28 actuaciones, motivadas tanto por faltas de respeto del alumnado como por comportamientos de las familias hacia el profesorado.<\/p><p style=\"margin-right: auto; margin-bottom: 26px; margin-left: auto; overflow-wrap: break-word; font-family: 'Source Sans Pro'; font-size: 16px; color: #222222; line-height: 1.6 !important;\">En cuanto a retos pendientes, ANPE ha se\u00f1alado: consolidar la reducci\u00f3n de ratios, pues ya se ha avanzado en Primaria (22 alumnos), pero queda por mejorar en Secundaria y Formaci\u00f3n Profesional; garantizar plantillas estables; asegurar el relevo generacional ante la jubilaci\u00f3n del\u00a0<em>baby boom<\/em>; alcanzar un acuerdo que aumente el sueldo de los docentes y eleve el complemento espec\u00edfico; establecer protocolos para situaciones excepcionales (como ocurri\u00f3 con la COVID, la DANA o un apag\u00f3n), de modo que se atienda a los alumnos en circunstancias especiales; e implantar protocolos de convivencia y un plan eficaz de prevenci\u00f3n del acoso escolar.<\/p><p style=\"margin-right: auto; margin-bottom: 26px; margin-left: auto; overflow-wrap: break-word; font-family: 'Source Sans Pro'; font-size: 16px; color: #222222; line-height: 1.6 !important;\"><strong>Defensor del Profesor<\/strong><br \/>Desde ANPE mantienen un compromiso firme en la defensa del profesorado, pieza fundamental del sistema educativo.<\/p><p style=\"margin-right: auto; margin-bottom: 26px; margin-left: auto; overflow-wrap: break-word; font-family: 'Source Sans Pro'; font-size: 16px; color: #222222; line-height: 1.6 !important;\">El sindicato destaca que ha aumentado el n\u00famero de atenciones en servicio de Defensa del Profesor, \u201ccon m\u00e1s casos y de mayor gravedad, llegando incluso a amenazas de muerte\u201d. Existe preocupaci\u00f3n porque la Ley de Autoridad del Profesorado, que no ofrece respuestas suficientes para garantizar la protecci\u00f3n de los docentes, y las actuaciones de la Administraci\u00f3n resultan \u201cinsuficientes\u201d. Esta situaci\u00f3n provoca que muchos profesionales tengan que recurrir a bajas por depresi\u00f3n o ansiedad.<\/p><\/div>\n\t\t\t\t<\/div>\n\t\t\t\t<\/div>\n\t\t\t\t\t\t<\/div>\n\t\t\t\t\t<\/div>\n\t\t<\/div>\n\t\t\t\t\t\t\t\t<\/div>\n\t\t\t\t\t<\/div>\n\t\t<\/section>\n\t\t\t\t\t\t<\/div>\n\t\t\t\t\t\t<\/div>\n\t\t\t\t\t<\/div>\n\t\t","protected":false},"excerpt":{"rendered":"<p>La presidenta de ANPE hace hincapi\u00e9 en que \u00abmuchas plazas son interinidades y m\u00e1s de un 15% se han adjudicado con jornadas parciales\u00bb<\/p>\n","protected":false},"author":1,"featured_media":2947,"comment_status":"closed","ping_status":"closed","sticky":false,"template":"","format":"standard","meta":[],"categories":[18,2],"tags":[],"_links":{"self":[{"href":"https:\/\/anpeciudadreal.es\/index.php\/wp-json\/wp\/v2\/posts\/2946"}],"collection":[{"href":"https:\/\/anpeciudadreal.es\/index.php\/wp-json\/wp\/v2\/posts"}],"about":[{"href":"https:\/\/anpeciudadreal.es\/index.php\/wp-json\/wp\/v2\/types\/post"}],"author":[{"embeddable":true,"href":"https:\/\/anpeciudadreal.es\/index.php\/wp-json\/wp\/v2\/users\/1"}],"replies":[{"embeddable":true,"href":"https:\/\/anpeciudadreal.es\/index.php\/wp-json\/wp\/v2\/comments?post=2946"}],"version-history":[{"count":6,"href":"https:\/\/anpeciudadreal.es\/index.php\/wp-json\/wp\/v2\/posts\/2946\/revisions"}],"predecessor-version":[{"id":2953,"href":"https:\/\/anpeciudadreal.es\/index.php\/wp-json\/wp\/v2\/posts\/2946\/revisions\/2953"}],"wp:featuredmedia":[{"embeddable":true,"href":"https:\/\/anpeciudadreal.es\/index.php\/wp-json\/wp\/v2\/media\/2947"}],"wp:attachment":[{"href":"https:\/\/anpeciudadreal.es\/index.php\/wp-json\/wp\/v2\/media?parent=2946"}],"wp:term":[{"taxonomy":"category","embeddable":true,"href":"https:\/\/anpeciudadreal.es\/index.php\/wp-json\/wp\/v2\/categories?post=2946"},{"taxonomy":"post_tag","embeddable":true,"href":"https:\/\/anpeciudadreal.es\/index.php\/wp-json\/wp\/v2\/tags?post=2946"}],"curies":[{"name":"wp","href":"https:\/\/api.w.org\/{rel}","templated":true}]}}