{"id":2941,"date":"2025-09-11T09:05:20","date_gmt":"2025-09-11T08:05:20","guid":{"rendered":"https:\/\/anpeciudadreal.es\/?p=2941"},"modified":"2025-09-11T09:05:59","modified_gmt":"2025-09-11T08:05:59","slug":"cada-vez-son-mas-los-docentes-que-nos-trasladan-su-desanimo","status":"publish","type":"post","link":"https:\/\/anpeciudadreal.es\/index.php\/2025\/09\/11\/cada-vez-son-mas-los-docentes-que-nos-trasladan-su-desanimo\/","title":{"rendered":"\u00abCada vez son m\u00e1s los docentes que nos trasladan su des\u00e1nimo\u00bb"},"content":{"rendered":"\t\t<div data-elementor-type=\"wp-post\" data-elementor-id=\"2941\" class=\"elementor elementor-2941\" data-elementor-settings=\"[]\">\n\t\t\t\t\t\t<div class=\"elementor-inner\">\n\t\t\t\t\t\t\t<div class=\"elementor-section-wrap\">\n\t\t\t\t\t\t\t<section class=\"penci-section penci-disSticky penci-structure-10 elementor-section elementor-top-section elementor-element elementor-element-5271a37 elementor-section-boxed elementor-section-height-default elementor-section-height-default\" data-id=\"5271a37\" data-element_type=\"section\">\n\t\t\t\t\t\t<div class=\"elementor-container elementor-column-gap-default\">\n\t\t\t\t\t\t\t<div class=\"elementor-row\">\n\t\t\t\t\t<div class=\"penci-ercol-100 penci-ercol-order-1 penci-sticky-ct  elementor-column elementor-col-100 elementor-top-column elementor-element elementor-element-ae4eb8a\" data-id=\"ae4eb8a\" data-element_type=\"column\">\n\t\t\t<div class=\"theiaStickySidebar elementor-column-wrap elementor-element-populated\">\n\t\t\t\t\t\t\t<div class=\"elementor-widget-wrap\">\n\t\t\t\t\t\t<div class=\"elementor-element elementor-element-d44bc45 elementor-widget elementor-widget-heading\" data-id=\"d44bc45\" data-element_type=\"widget\" data-widget_type=\"heading.default\">\n\t\t\t\t<div class=\"elementor-widget-container\">\n\t\t\t<h2 class=\"elementor-heading-title elementor-size-default\"><a href=\"https:\/\/www.latribunadeciudadreal.es\/noticia\/zd6945198-6466-4c9c-b00d1b725f2b7b5d\/202509\/cada-vez-son-mas-los-docentes-que-nos-trasladan-su-desanimo\" target=\"_blank\">La presidenta de ANPE hace hincapi\u00e9 en que \"muchas plazas son interinidades y m\u00e1s de un 15% se han adjudicado con jornadas parciales\"<\/a><\/h2>\t\t<\/div>\n\t\t\t\t<\/div>\n\t\t\t\t\t\t<\/div>\n\t\t\t\t\t<\/div>\n\t\t<\/div>\n\t\t\t\t\t\t\t\t<\/div>\n\t\t\t\t\t<\/div>\n\t\t<\/section>\n\t\t\t\t<section class=\"penci-section penci-disSticky penci-structure-10 elementor-section elementor-top-section elementor-element elementor-element-42fa8ab9 elementor-section-boxed elementor-section-height-default elementor-section-height-default\" data-id=\"42fa8ab9\" data-element_type=\"section\">\n\t\t\t\t\t\t<div class=\"elementor-container elementor-column-gap-default\">\n\t\t\t\t\t\t\t<div class=\"elementor-row\">\n\t\t\t\t\t<div class=\"penci-ercol-100 penci-ercol-order-1 penci-sticky-ct  elementor-column elementor-col-100 elementor-top-column elementor-element elementor-element-f105549\" data-id=\"f105549\" data-element_type=\"column\">\n\t\t\t<div class=\"theiaStickySidebar elementor-column-wrap elementor-element-populated\">\n\t\t\t\t\t\t\t<div class=\"elementor-widget-wrap\">\n\t\t\t\t\t\t<div class=\"elementor-element elementor-element-638c2876 elementor-widget elementor-widget-text-editor\" data-id=\"638c2876\" data-element_type=\"widget\" data-widget_type=\"text-editor.default\">\n\t\t\t\t<div class=\"elementor-widget-container\">\n\t\t\t\t\t<div class=\"elementor-text-editor elementor-clearfix\"><p style=\"box-sizing: content-box; margin-bottom: 15px; font-size: 18px; line-height: 28px; color: #535252; font-family: Roboto;\"><span style=\"box-sizing: content-box; font-weight: bolder;\">\u00bfC\u00f3mo definir\u00eda este inicio de curso 2025-2026?<\/span><\/p>\n<p style=\"box-sizing: content-box; margin-bottom: 15px; font-size: 18px; line-height: 28px; color: #535252; font-family: Roboto;\">Lo definimos como un inicio de curso con luces y sombras. Se han hecho esfuerzos para mejorar las condiciones laborales del profesorado, pero los problemas de fondo siguen sin resolverse: falta de estabilidad en las plantillas, funciones docentes sin reconocimiento econ\u00f3mico y un exceso de carga burocr\u00e1tica que contin\u00faa lastrando la labor docente.<\/p>\n<p style=\"box-sizing: content-box; margin-bottom: 15px; font-size: 18px; line-height: 28px; color: #535252; font-family: Roboto;\"><span style=\"box-sizing: content-box; font-weight: bolder;\">\u00bfCu\u00e1l es la mayor preocupaci\u00f3n de este sindicato ante los problemas en el sector docente?<\/span><\/p>\n<p style=\"box-sizing: content-box; margin-bottom: 15px; font-size: 18px; line-height: 28px; color: #535252; font-family: Roboto;\">Nuestra mayor preocupaci\u00f3n es clara: que la calidad de la ense\u00f1anza no se vea afectada por el deterioro de las condiciones laborales del profesorado. Hablamos de una profesi\u00f3n vocacional, pero si continua el deterioro en las condiciones laborales y la falta de reconocimiento, claro que puede verse reflejado en el trabajo de los compa\u00f1eros. No olvidemos que el futuro de la educaci\u00f3n pasa por cuidar a quienes est\u00e1n en las aulas<\/p>\n<p style=\"box-sizing: content-box; margin-bottom: 15px; font-size: 18px; line-height: 28px; color: #535252; font-family: Roboto;\">\u00a0<\/p>\n<p style=\"box-sizing: content-box; margin: 0px 0px 15px; padding: 0px; font-size: 18px; line-height: 28px; color: #535252; font-family: Roboto; font-style: normal; font-variant-ligatures: normal; font-variant-caps: normal; font-weight: 400; letter-spacing: normal; orphans: 2; text-align: start; text-indent: 0px; text-transform: none; widows: 2; word-spacing: 0px; -webkit-text-stroke-width: 0px; white-space: normal; background-color: #ffffff; text-decoration-thickness: initial; text-decoration-style: initial; text-decoration-color: initial;\"><strong style=\"box-sizing: content-box; font-weight: bolder;\">Se ha estado denunciando en los \u00faltimos tiempos el empeoramiento de las condiciones laborales de los docentes, en cuanto a poder adquisitivo, volumen de trabajo, ratios excesivas, burocracia\u2026 \u00bfSigue esa tendencia?<\/strong><\/p>\n<p style=\"box-sizing: content-box; margin-bottom: 15px; font-size: 18px; line-height: 28px; color: #535252; font-family: Roboto;\">S\u00ed, lamentablemente seguimos en la misma l\u00ednea. Los docentes han perdido m\u00e1s de un 20% de poder adquisitivo en la \u00faltima d\u00e9cada, y los descensos de la natalidad, hacen que el profesorado viva en una casi permanente situaci\u00f3n de incertidumbre ante el progresivo cierre de unidades en los centros. A todo esto, se suma una burocracia que cada vez ocupa m\u00e1s espacio en la jornada laboral, restando tiempo a lo verdaderamente importante: la ense\u00f1anza.<\/p>\n<p style=\"box-sizing: content-box; margin-bottom: 15px; font-size: 18px; line-height: 28px; color: #535252; font-family: Roboto;\"><span style=\"box-sizing: content-box; font-weight: bolder;\">\u00bfQu\u00e9 soluciones pueden estar al alcance de la Administraci\u00f3n ante estas problem\u00e1ticas?<\/span><\/p>\n<p style=\"box-sizing: content-box; margin-bottom: 15px; font-size: 18px; line-height: 28px; color: #535252; font-family: Roboto;\">Las soluciones son perfectamente posibles si existe voluntad pol\u00edtica, por eso ANPE ha firmado un Acuerdo de Mejoras con la Consejer\u00eda de Educaci\u00f3n, que abarca en cada bloque tres cursos escolares. Se han firmado mejoras como son la reducci\u00f3n del horario lectivo, la disminuci\u00f3n del n\u00famero de alumnos por aula, la reducci\u00f3n progresiva de la burocracia, el aumento de los apoyos en infantil, entre otros. Tambi\u00e9n es fundamental e importante, un plan de salud laboral docente que prevenga el desgaste profesional.<\/p>\n<p style=\"box-sizing: content-box; margin-bottom: 15px; font-size: 18px; line-height: 28px; color: #535252; font-family: Roboto;\"><span style=\"box-sizing: content-box; font-weight: bolder;\">\u00bfCu\u00e1l ha sido el porcentaje de ocupaci\u00f3n de las plazas docentes en la provincia? \u00bfQu\u00e9 porcentaje tienen las jornadas asignadas?<\/span><\/p>\n<p style=\"box-sizing: content-box; margin-bottom: 15px; font-size: 18px; line-height: 28px; color: #535252; font-family: Roboto;\">En Ciudad Real pr\u00e1cticamente se han cubierto todas las plazas, pero el problema est\u00e1 en la calidad de esa cobertura. Muchas de ellas son interinidades y m\u00e1s de un 15% se han adjudicado con jornadas parciales. Esto supone una precarizaci\u00f3n del empleo docente que no podemos normalizar y que se podr\u00eda mitigar si se aprobara la compatibilidad de estos docentes para que puedan recibir un sueldo digno.<\/p>\n<p style=\"box-sizing: content-box; margin-bottom: 15px; font-size: 18px; line-height: 28px; color: #535252; font-family: Roboto;\"><span style=\"box-sizing: content-box; font-weight: bolder;\">\u00bfHay profesionales de la educaci\u00f3n que han dejado o se plantean dejar esta profesi\u00f3n por las condiciones laborales?<\/span><\/p>\n<p style=\"box-sizing: content-box; margin-bottom: 15px; font-size: 18px; line-height: 28px; color: #535252; font-family: Roboto;\">S\u00ed, cada vez son m\u00e1s los docentes que nos trasladan su des\u00e1nimo. La presi\u00f3n, el estr\u00e9s y la falta de reconocimiento hacen que muchos se planteen abandonar. No es un fen\u00f3meno masivo, pero s\u00ed preocupante, porque la vocaci\u00f3n se mantiene, pero las condiciones desgastan enormemente. Es por ello que seguimos reivindicando figuras en los centros de profesionales de la salud y adem\u00e1s, se haga un cat\u00e1logo de enfermedades profesionales de los docentes.<\/p>\n<p style=\"box-sizing: content-box; margin-bottom: 15px; font-size: 18px; line-height: 28px; color: #535252; font-family: Roboto;\"><span style=\"box-sizing: content-box; font-weight: bolder;\">\u00bfLas agresiones, f\u00edsicas o verbales, a docentes es un problema creciente y que urge combatir y solucionar o son acontecimientos puntuales?<\/span><\/p>\n<p style=\"box-sizing: content-box; margin-bottom: 15px; font-size: 18px; line-height: 28px; color: #535252; font-family: Roboto;\">Podemos decir que es un problema creciente, y nunca debemos mirarlo como hechos aislados. Desde ANPE, a trav\u00e9s del servicio del Defensor del Profesor, comprobamos cada curso un aumento en los casos de faltas de respeto, amenazas y agresiones verbales. Aunque los episodios m\u00e1s graves son menos frecuentes, la tendencia nos preocupa y exige medidas inmediatas de protecci\u00f3n al profesorado.<\/p>\n<p style=\"box-sizing: content-box; margin-bottom: 15px; font-size: 18px; line-height: 28px; color: #535252; font-family: Roboto;\"><span style=\"box-sizing: content-box; font-weight: bolder;\">\u00bfSigue la tendencia a la baja del alumnado? \u00bfEn qu\u00e9 grado?<\/span><\/p>\n<p style=\"box-sizing: content-box; margin-bottom: 15px; font-size: 18px; line-height: 28px; color: #535252; font-family: Roboto;\">\u00a0<\/p>\n<p style=\"box-sizing: content-box; margin-bottom: 15px; font-size: 18px; line-height: 28px; color: #535252; font-family: Roboto;\">S\u00ed, contin\u00faa el descenso, especialmente en Infantil y Primaria, con una bajada que nos preocupa respecto al curso anterior. Para nosotros, esto deber\u00eda ser una oportunidad para bajar ratios y reforzar la atenci\u00f3n personalizada. Sin embargo, lo que vemos es que en muchos casos se est\u00e1 aprovechando esta ca\u00edda demogr\u00e1fica para suprimir unidades en la escuela p\u00fablica, y eso es un error que denunciamos.<\/p><\/div>\n\t\t\t\t<\/div>\n\t\t\t\t<\/div>\n\t\t\t\t\t\t<\/div>\n\t\t\t\t\t<\/div>\n\t\t<\/div>\n\t\t\t\t\t\t\t\t<\/div>\n\t\t\t\t\t<\/div>\n\t\t<\/section>\n\t\t\t\t\t\t<\/div>\n\t\t\t\t\t\t<\/div>\n\t\t\t\t\t<\/div>\n\t\t","protected":false},"excerpt":{"rendered":"<p>La presidenta de ANPE hace hincapi\u00e9 en que \u00abmuchas plazas son interinidades y m\u00e1s de un 15% se han adjudicado con jornadas parciales\u00bb<\/p>\n","protected":false},"author":1,"featured_media":2942,"comment_status":"closed","ping_status":"closed","sticky":false,"template":"","format":"standard","meta":[],"categories":[18,2],"tags":[],"_links":{"self":[{"href":"https:\/\/anpeciudadreal.es\/index.php\/wp-json\/wp\/v2\/posts\/2941"}],"collection":[{"href":"https:\/\/anpeciudadreal.es\/index.php\/wp-json\/wp\/v2\/posts"}],"about":[{"href":"https:\/\/anpeciudadreal.es\/index.php\/wp-json\/wp\/v2\/types\/post"}],"author":[{"embeddable":true,"href":"https:\/\/anpeciudadreal.es\/index.php\/wp-json\/wp\/v2\/users\/1"}],"replies":[{"embeddable":true,"href":"https:\/\/anpeciudadreal.es\/index.php\/wp-json\/wp\/v2\/comments?post=2941"}],"version-history":[{"count":3,"href":"https:\/\/anpeciudadreal.es\/index.php\/wp-json\/wp\/v2\/posts\/2941\/revisions"}],"predecessor-version":[{"id":2945,"href":"https:\/\/anpeciudadreal.es\/index.php\/wp-json\/wp\/v2\/posts\/2941\/revisions\/2945"}],"wp:featuredmedia":[{"embeddable":true,"href":"https:\/\/anpeciudadreal.es\/index.php\/wp-json\/wp\/v2\/media\/2942"}],"wp:attachment":[{"href":"https:\/\/anpeciudadreal.es\/index.php\/wp-json\/wp\/v2\/media?parent=2941"}],"wp:term":[{"taxonomy":"category","embeddable":true,"href":"https:\/\/anpeciudadreal.es\/index.php\/wp-json\/wp\/v2\/categories?post=2941"},{"taxonomy":"post_tag","embeddable":true,"href":"https:\/\/anpeciudadreal.es\/index.php\/wp-json\/wp\/v2\/tags?post=2941"}],"curies":[{"name":"wp","href":"https:\/\/api.w.org\/{rel}","templated":true}]}}