{"id":2905,"date":"2025-06-18T10:22:05","date_gmt":"2025-06-18T09:22:05","guid":{"rendered":"https:\/\/anpeciudadreal.es\/?p=2905"},"modified":"2025-06-25T11:18:06","modified_gmt":"2025-06-25T10:18:06","slug":"vi-premio-de-innovacion-educativa-2025","status":"publish","type":"post","link":"https:\/\/anpeciudadreal.es\/index.php\/2025\/06\/18\/vi-premio-de-innovacion-educativa-2025\/","title":{"rendered":"VI PREMIO INNOVACI\u00d3N EDUCATIVA 2025"},"content":{"rendered":"\t\t<div data-elementor-type=\"wp-post\" data-elementor-id=\"2905\" class=\"elementor elementor-2905\" data-elementor-settings=\"[]\">\n\t\t\t\t\t\t<div class=\"elementor-inner\">\n\t\t\t\t\t\t\t<div class=\"elementor-section-wrap\">\n\t\t\t\t\t\t\t<section class=\"penci-section penci-disSticky penci-structure-10 elementor-section elementor-top-section elementor-element elementor-element-197fa9a elementor-section-boxed elementor-section-height-default elementor-section-height-default\" data-id=\"197fa9a\" data-element_type=\"section\">\n\t\t\t\t\t\t<div class=\"elementor-container elementor-column-gap-default\">\n\t\t\t\t\t\t\t<div class=\"elementor-row\">\n\t\t\t\t\t<div class=\"penci-ercol-100 penci-ercol-order-1 penci-sticky-ct  elementor-column elementor-col-100 elementor-top-column elementor-element elementor-element-7be4b35\" data-id=\"7be4b35\" data-element_type=\"column\">\n\t\t\t<div class=\"theiaStickySidebar elementor-column-wrap elementor-element-populated\">\n\t\t\t\t\t\t\t<div class=\"elementor-widget-wrap\">\n\t\t\t\t\t\t<div class=\"elementor-element elementor-element-46119c4 elementor-widget elementor-widget-text-editor\" data-id=\"46119c4\" data-element_type=\"widget\" data-widget_type=\"text-editor.default\">\n\t\t\t\t<div class=\"elementor-widget-container\">\n\t\t\t\t\t<div class=\"elementor-text-editor elementor-clearfix\"><h4><strong>CONVOCATORIA DE LA VI EDICI\u00d3N DE LOS PREMIOS DE INNOVACI\u00d3N EDUCATIVA DE ANPE-CIUDAD REAL<\/strong><\/h4>\n<p><span style=\"color: #3366ff;\">Plazo: Del 18 de junio al 19 de septiembre de 2025<\/span><\/p>\n<p style=\"text-align: left;\"><span style=\"font-weight: 400;\">La presente Convocatoria tiene como objeto la concesi\u00f3n de dos Premios de Innovaci\u00f3n Educativa orientados a reconocer y valorar proyectos de innovaci\u00f3n que hayan dirigido una experiencia innovadora, creativa y relevante, que se identifiquen como ejemplo de pr\u00e1cticas que hayan tenido impacto, que sean de calidad y sirvan como modelo para futuras innovaciones en el \u00e1mbito de la docencia.<\/span><\/p>\n<p>Existen<span style=\"color: #339966;\"> dos modalidades<\/span> de&nbsp;participaci\u00f3n, con un premio para cada modalidad:<\/p>\n<p style=\"margin-bottom: .0001pt; line-height: normal; mso-layout-grid-align: none; text-autospace: none;\"><span style=\"color: #000000;\"><b><span style=\"color: #3366ff;\">1.<\/span> Premio de Innovaci\u00f3n Educativa en centros p\u00fablicos de Educaci\u00f3n Infantil, Primaria y<br>Educaci\u00f3n Especial.<\/b><\/span><\/p>\n<p><\/p>\n<p style=\"margin-bottom: .0001pt; line-height: normal; mso-layout-grid-align: none; text-autospace: none;\"><span style=\"color: #000000;\"><span style=\"color: #3366ff;\"><b>&nbsp;<\/b><\/span><b><span style=\"color: #3366ff;\">2.<\/span> Premio de Innovaci\u00f3n Educativa en centros p\u00fablicos de Ense\u00f1anzas Medias y de R\u00e9gimen&nbsp;Especial.<\/b><\/span><\/p>\n<p style=\"margin-bottom: .0001pt; line-height: normal; mso-layout-grid-align: none; text-autospace: none;\"><b>&nbsp;<\/b><\/p>\n<p><\/p>\n<h4 style=\"margin-bottom: .0001pt; line-height: normal; mso-layout-grid-align: none; text-autospace: none;\"><span style=\"color: #339966;\"><b>Premio<\/b><\/span><\/h4>\n<p><span style=\"color: var( --e-global-color-text ); font-family: var( --e-global-typography-text-font-family ), Sans-serif; font-weight: var( --e-global-typography-text-font-weight );\">Los premios tendr\u00e1n un reconocimiento a nivel provincial dentro del acto organizado por ANPE-Ciudad Real el 4 de octubre de 2025, con motivo del D\u00eda Mundial de los Docentes, en el que se entregar\u00e1 la <\/span><b style=\"color: var( --e-global-color-text ); font-family: var( --e-global-typography-text-font-family ), Sans-serif;\">cantidad de 5<\/b><b style=\"color: var( --e-global-color-text ); font-family: var( --e-global-typography-text-font-family ), Sans-serif;\">00 euros <\/b><b style=\"color: var( --e-global-color-text ); font-family: var( --e-global-typography-text-font-family ), Sans-serif;\">para&nbsp;material educativo, junto con una placa conmemorativa para cada modalidad.<\/b><\/p>\n<p style=\"margin-bottom: .0001pt; line-height: normal; mso-layout-grid-align: none; text-autospace: none;\"><b>&nbsp;<\/b><\/p>\n<p>Se reserva la comisi\u00f3n el derecho&nbsp;de Acc\u00e9sit para reconocer el trabajo de&nbsp;<span style=\"color: var( --e-global-color-text ); font-family: var( --e-global-typography-text-font-family ), Sans-serif; font-weight: var( --e-global-typography-text-font-weight );\">proyectos no premiados.<\/span><\/p>\n<p style=\"border: 0px; margin-top: 24px; margin-bottom: 24px; font-size: 14px; font-family: 'open sans', sans-serif; color: #000000;\">Los participantes pueden enviar sus trabajos a ANPE-Ciudad Real mediante estas v\u00edas:<\/p>\n<p style=\"border: 0px; margin-top: 24px; margin-bottom: 24px; font-size: 14px; font-family: 'open sans', sans-serif; color: #000000;\">A\/ Por correo electr\u00f3nico a anpecr@anpecr.com<\/p>\n<p style=\"border: 0px; margin-top: 24px; margin-bottom: 24px; font-size: 14px; font-family: 'open sans', sans-serif; color: #000000;\">B\/ Por correo postal a C\/ Tinte, 19. 1\u00baA. 13001. Ciudad Real<\/p>\n<p style=\"margin-bottom: .0001pt; line-height: normal; mso-layout-grid-align: none; text-autospace: none;\"><b>&nbsp;<\/b><\/p>\n<p style=\"margin-bottom: .0001pt; line-height: normal; mso-layout-grid-align: none; text-autospace: none;\">Archivos adjuntos:<\/p>\n<h4>1. <a href=\"https:\/\/drive.google.com\/file\/d\/124KuiSCfpMUE9QPTPBq523B4khOranAQ\/view?usp=sharing\">Bases de la convocatoria<\/a><\/h4>\n<p style=\"margin-bottom: .0001pt; line-height: normal; mso-layout-grid-align: none; text-autospace: none;\"><span style=\"color: var( --e-global-color-text ); font-family: var( --e-global-typography-text-font-family ), Sans-serif; font-weight: var( --e-global-typography-text-font-weight );\">&nbsp;<\/span><\/p><\/div>\n\t\t\t\t<\/div>\n\t\t\t\t<\/div>\n\t\t\t\t\t\t<\/div>\n\t\t\t\t\t<\/div>\n\t\t<\/div>\n\t\t\t\t\t\t\t\t<\/div>\n\t\t\t\t\t<\/div>\n\t\t<\/section>\n\t\t\t\t\t\t<\/div>\n\t\t\t\t\t\t<\/div>\n\t\t\t\t\t<\/div>\n\t\t","protected":false},"excerpt":{"rendered":"<p>CONVOCATORIA DE LA VI EDICI\u00d3N DE LOS PREMIOS DE INNOVACI\u00d3N EDUCATIVA DE ANPE-CIUDAD REAL Plazo: Del 18&hellip;<\/p>\n","protected":false},"author":1,"featured_media":2907,"comment_status":"open","ping_status":"open","sticky":false,"template":"","format":"standard","meta":[],"categories":[18],"tags":[],"_links":{"self":[{"href":"https:\/\/anpeciudadreal.es\/index.php\/wp-json\/wp\/v2\/posts\/2905"}],"collection":[{"href":"https:\/\/anpeciudadreal.es\/index.php\/wp-json\/wp\/v2\/posts"}],"about":[{"href":"https:\/\/anpeciudadreal.es\/index.php\/wp-json\/wp\/v2\/types\/post"}],"author":[{"embeddable":true,"href":"https:\/\/anpeciudadreal.es\/index.php\/wp-json\/wp\/v2\/users\/1"}],"replies":[{"embeddable":true,"href":"https:\/\/anpeciudadreal.es\/index.php\/wp-json\/wp\/v2\/comments?post=2905"}],"version-history":[{"count":17,"href":"https:\/\/anpeciudadreal.es\/index.php\/wp-json\/wp\/v2\/posts\/2905\/revisions"}],"predecessor-version":[{"id":2935,"href":"https:\/\/anpeciudadreal.es\/index.php\/wp-json\/wp\/v2\/posts\/2905\/revisions\/2935"}],"wp:featuredmedia":[{"embeddable":true,"href":"https:\/\/anpeciudadreal.es\/index.php\/wp-json\/wp\/v2\/media\/2907"}],"wp:attachment":[{"href":"https:\/\/anpeciudadreal.es\/index.php\/wp-json\/wp\/v2\/media?parent=2905"}],"wp:term":[{"taxonomy":"category","embeddable":true,"href":"https:\/\/anpeciudadreal.es\/index.php\/wp-json\/wp\/v2\/categories?post=2905"},{"taxonomy":"post_tag","embeddable":true,"href":"https:\/\/anpeciudadreal.es\/index.php\/wp-json\/wp\/v2\/tags?post=2905"}],"curies":[{"name":"wp","href":"https:\/\/api.w.org\/{rel}","templated":true}]}}