{"id":2860,"date":"2025-06-03T17:06:18","date_gmt":"2025-06-03T16:06:18","guid":{"rendered":"https:\/\/anpeciudadreal.es\/?p=2860"},"modified":"2025-06-03T17:16:02","modified_gmt":"2025-06-03T16:16:02","slug":"muface-periodo-ordinario-de-cambio-de-entidad-sanitaria-del-1-al-30-junio","status":"publish","type":"post","link":"https:\/\/anpeciudadreal.es\/index.php\/2025\/06\/03\/muface-periodo-ordinario-de-cambio-de-entidad-sanitaria-del-1-al-30-junio\/","title":{"rendered":"MUFACE. Periodo ordinario de cambio de entidad sanitaria. Del 1 al 30 junio"},"content":{"rendered":"\t\t<div data-elementor-type=\"wp-post\" data-elementor-id=\"2860\" class=\"elementor elementor-2860\" data-elementor-settings=\"[]\">\n\t\t\t\t\t\t<div class=\"elementor-inner\">\n\t\t\t\t\t\t\t<div class=\"elementor-section-wrap\">\n\t\t\t\t\t\t\t<section class=\"penci-section penci-disSticky penci-structure-10 elementor-section elementor-top-section elementor-element elementor-element-42fa8ab9 elementor-section-boxed elementor-section-height-default elementor-section-height-default\" data-id=\"42fa8ab9\" data-element_type=\"section\">\n\t\t\t\t\t\t<div class=\"elementor-container elementor-column-gap-default\">\n\t\t\t\t\t\t\t<div class=\"elementor-row\">\n\t\t\t\t\t<div class=\"penci-ercol-100 penci-ercol-order-1 penci-sticky-ct  elementor-column elementor-col-100 elementor-top-column elementor-element elementor-element-f105549\" data-id=\"f105549\" data-element_type=\"column\">\n\t\t\t<div class=\"theiaStickySidebar elementor-column-wrap elementor-element-populated\">\n\t\t\t\t\t\t\t<div class=\"elementor-widget-wrap\">\n\t\t\t\t\t\t<div class=\"elementor-element elementor-element-638c2876 elementor-widget elementor-widget-text-editor\" data-id=\"638c2876\" data-element_type=\"widget\" data-widget_type=\"text-editor.default\">\n\t\t\t\t<div class=\"elementor-widget-container\">\n\t\t\t\t\t<div class=\"elementor-text-editor elementor-clearfix\"><!-- wp:paragraph -->\n<h2>CAMBIO ORDINARIO EN 2025<\/h2>\n<p>Como todos los a\u00f1os, los mutualistas tienen derecho a la libre elecci\u00f3n para la prestaci\u00f3n de asistencia sanitaria entre el sistema sanitario p\u00fablico de comunidades y ciudades aut\u00f3nomas y las entidades de asistencia sanitaria concertada.<\/p>\n<p>Los plazos de cambio y condiciones ser\u00e1n los siguientes:<\/p>\n<ul>\n<li>\n<p><strong>Del 1 al 31 de enero de 2025<\/strong>\u00a0ha podido solicitarse el cambio al INSS (servicios p\u00fablicos de salud de comunidades aut\u00f3nomas e INGESA en Ceuta y Melilla), en cumplimiento del\u00a0<a title=\"convenio suscrito con dicho organismo.\" href=\"https:\/\/www.muface.es\/muface_Home\/muface\/Transparencia\/informacion-relevancia-juridica.html\">convenio suscrito con dicho organismo.<\/a><\/p>\n<\/li>\n<li>\n<p><strong>Del 1 al 31 de mayo inclusive<\/strong>, con la vigencia del nuevo Concierto,\u00a0se ha abierto un segundo plazo (periodo especial)\u00a0para realizar el cambio desde el servicio de salud auton\u00f3mico o INGESA a una de las entidad concertadas adjudicatarias del servicio (ADESLAS y ASISA), o al INSS (servicios p\u00fablicos auton\u00f3micos de salud).\u00a0<\/p>\n<\/li>\n<\/ul>\n<p><strong>Si usted ya estaba adscrito\/a a ASISA,\u00a0 ADESLAS o a los servicios sanitarios auton\u00f3micos (INSS) y no desea cambiar, no est\u00e1 obligado a realizar gesti\u00f3n alguna.<\/strong><\/p>\n<ul>\n<li><strong>En cuanto a los y las mutualistas adscritos a DKV<\/strong>,\u00a0<a title=\"vea nuestra p\u00e1gina sobre el cambio forzoso de mutualistas de DKV\" href=\"https:\/\/www.muface.es\/muface_Home\/Prestaciones\/asistencia-sanitaria-nacional\/cambio-entidad-sanitaria\/Cambio-forzoso-mutualistas-DKV-Concierto-2025-2027.html\">vea nuestra p\u00e1gina sobre el cambio forzoso de mutualistas de DKV<\/a><\/li>\n<\/ul>\n<ul>\n<li>\n<p><strong>Del 1 al 30 de junio de 2025 inclusive, de acuerdo con lo previsto en el nuevo Concierto<\/strong>,\u00a0 se abre un\u00a0periodo de cambio ordinario. Este cambio permite optar libremente por INSS o entidad concertada (Adelas o Asisa).<\/p>\n<\/li>\n<\/ul>\n<p>*Nota importante:\u00a0<strong>En el caso de los\u00a0mutualistas de DKV que el 1 de junio hayan pasado al INSS porque se les ha adscrito de oficio<\/strong>, si durante el mes de junio quieren hacer un cambio ordinario a entidad concertada, deber\u00e1n rellenar el\u00a0<a title=\"impreso de cambio ordinario (Abre en nueva ventana)\" href=\"https:\/\/www.muface.es\/muface_Home\/dam\/jcr:3023433f-a888-416c-a72b-eb52180300f3\/Cambio-entmedicaEnero2024_ES.pdf\" target=\"_blank\" rel=\"noopener\">impreso de cambio ordinario<img src=\"https:\/\/www.muface.es\/resources\/templating-kit\/themes\/muface\/img\/general\/icons\/ico_enlace_externo2.png\" alt=\"(Abre en nueva ventana)\" \/><\/a>\u00a0y presentarlo en\u00a0<a title=\"nuestras oficinas\" href=\"https:\/\/www.muface.es\/muface_Home\/atencion-al-mutualista\/nuestrasOficinas.html\">nuestras oficinas<\/a>\u00a0, ya sea presencialmente con cita previa, envi\u00e1ndolo por correo postal o a trav\u00e9s del\u00a0<a title=\"Registro Electr\u00f3nico General\" href=\"https:\/\/reg.redsara.es\/\">Registro Electr\u00f3nico General<\/a>\u00a0u otros registros (asegur\u00e1ndose de que vaya a llegar antes de que termine el mes de junio); o remiti\u00e9ndolo mediante el buz\u00f3n de mutualistas de la\u00a0<a title=\"sede electr\u00f3nica\" href=\"https:\/\/sede.muface.gob.es\/\">sede electr\u00f3nica<\/a>\u00a0.\u00a0\u00a0<a title=\"M\u00e1s informaci\u00f3n en nuestra p\u00e1gina sobre los cambios de entidad para mutualistas de DKV\" href=\"https:\/\/www.muface.es\/muface_Home\/Prestaciones\/asistencia-sanitaria-nacional\/cambio-entidad-sanitaria\/Cambio-forzoso-mutualistas-DKV-Concierto-2025-2027.html\">M\u00e1s informaci\u00f3n en nuestra p\u00e1gina sobre los cambios de entidad para mutualistas de DKV<\/a><\/p>\n<p>\u00a0<\/p>\n<p>Es importante recordar que:<\/p>\n<p>1) Aquellas personas que hayan optado por cambiar al INSS durante el mes de<strong>\u00a0<\/strong>enero<strong>\u00a0podr\u00e1n revertir su decisi\u00f3n (periodo especial del mes de mayo o del mes de junio)\u00a0\u00a0y adscribirse a una entidad concertada, si as\u00ed lo desean.<\/strong>\u00a0Recomendamos consultar la oferta de cada entidad antes de tomar una decisi\u00f3n, para garantizar una elecci\u00f3n responsable y adecuada a sus necesidades.<\/p>\n<p>2)\u00a0<strong>Solo se admitir\u00e1\u00a0una solicitud de cambio en cada periodo ordinario<\/strong>.\u00a0Si no se formula solicitud de cambio ordinario se mantendr\u00e1 la adscripci\u00f3n a la misma entidad.<\/p>\n<p>3)\u00a0<strong>El efecto de realizar un cambio voluntario de entidad\u00a0 \u00a0es inmediato, de modo que, el d\u00eda siguiente al del cambio<\/strong>, sus datos y los de sus beneficiarios, en su caso, se habr\u00e1n volcado ya en la nueva entidad de adscripci\u00f3n, con la consiguiente baja en la anterior entidad, por lo que no podr\u00e1 volver a utilizar sus servicios en modo alguno. Esta inmediatez ha de tenerse especialmente en cuenta si se est\u00e1 siguiendo alg\u00fan tratamiento m\u00e9dico u hospitalario, ya que realizar el cambio supondr\u00e1 la interrupci\u00f3n as\u00ed mismo inmediata de dicho tratamiento o seguimiento. Por ello, si se encuentra en esta situaci\u00f3n, le recomendamos que consulte previamente en su Servicio Provincial.<\/p>\n<p>4)\u00a0<strong>En el caso de la entidad DKV, los mutualistas adscritos deber\u00e1n realizar el cambio durante el mismo plazo del mes de mayo<\/strong>,\u00a0vea nuestra\u00a0\u00a0<a title=\"p\u00e1gina informativa sobre el cambio forzoso de mutualistas de DKV.\" href=\"https:\/\/www.muface.es\/muface_Home\/Prestaciones\/asistencia-sanitaria-nacional\/cambio-entidad-sanitaria\/Cambio-forzoso-mutualistas-DKV-Concierto-2025-2027.html\">p\u00e1gina informativa sobre el cambio forzoso de mutualistas de DKV.<\/a><\/p>\n<hr \/>\n<p>\u00a0<\/p>\n<p><strong>PROCEDIMIENTO Y CANALES DE SOLICITUD PARA EL CAMBIO ORDINARIO<\/strong><\/p>\n<p>Mediante este procedimiento se pueden efectuar cambios ordinarios entre Entidades de Seguro Privado de Asistencia Sanitaria,\u00a0as\u00ed como cambios de entidad privada\u00a0 a Sistema P\u00fablico de Salud o viceversa.<\/p>\n<p><strong>La solicitud de cambio de entidad deber\u00e1 realizarse\u00a0bien por sede electr\u00f3nica<\/strong>, bien descargando el modelo de impreso que se incluye en este apartado y envi\u00e1ndolo por correo postal, o acudiendo a otros registros.\u00a0Le indicamos c\u00f3mo hacerlo:<\/p>\n<ul>\n<li>A trav\u00e9s de la\u00a0\u00a0<a title=\"Sede Electr\u00f3nica\u00a0de MUFACE\" href=\"https:\/\/sede.muface.gob.es\/\">Sede Electr\u00f3nica\u00a0de MUFACE<\/a>\u00a0\u00a0utilizando los medios de acceso proporcionados por la<strong>\u00a0plataforma Cl@ve\u00a0<\/strong>(certificado digital, DNI electr\u00f3nico, Cl@ve Permanente o Cl@ve PIN). Le indicamos\u00a0<a title=\"c\u00f3mo registrarse en Cl@ve\" href=\"https:\/\/www.muface.es\/muface_Home\/atencion-al-mutualista\/Oficinas-de-registro-Cl-ve-en-MUFACE.html\">c\u00f3mo registrarse en Cl@ve<\/a>\u00a0.<br \/>\u00a0<\/li>\n<li>Enviando el impreso por correo postal a su<strong>\u00a0oficina provincial de MUFACE<\/strong>. Puede encontrar la direcci\u00f3n en el apartado\u00a0<a title=\"Nuestras Oficinas\" href=\"https:\/\/www.muface.es\/muface_Home\/atencion-al-mutualista\/nuestrasOficinas.html\">Nuestras Oficinas<\/a>\u00a0.<br \/>\u00a0<\/li>\n<li>Tambi\u00e9n puede registrar su<strong>\u00a0solicitud en cualquiera de los registros previstos en el art. 16 de la Ley 39\/2015<\/strong>, de 1 de octubre, del Procedimiento Administrativo Com\u00fan de las Administraciones P\u00fablicas, lo que incluye\u00a0el\u00a0<a title=\"Registro Electr\u00f3nico Com\u00fan de la Administraci\u00f3n General del Estado (REC)\" href=\"https:\/\/www.muface.es\/muface_Home\/mis-servicios\/registro-electronico-comun.html\">Registro Electr\u00f3nico Com\u00fan de la Administraci\u00f3n General del Estado (REC)<\/a>\u00a0.<\/li>\n<\/ul>\n<p>\u00a0<\/p>\n<p>Si no pudiera acceder o utilizar estos medios\u00a0debe\u00a0\u00a0<a title=\"solicitar cita previa\" href=\"https:\/\/www.muface.es\/muface_Home\/atencion-al-mutualista\/Oficinas-de-MUFACE-con-Cita-Previa.html\">solicitar cita previa<\/a>\u00a0\u00a0en su oficina,\u00a0aunque\u00a0recomendamos\u00a0encarecidamente la opci\u00f3n de la sede electr\u00f3nica, del correo postal o del registro electr\u00f3nico, habida cuenta de la saturaci\u00f3n que se produce\u00a0 en algunas oficinas.<\/p>\n<ul>\n<li><a title=\"MODELO DE SOLICITUD GENERAL\u00a0 DE CAMBIO DE ENTIDAD\u00a0\u00a0 (Abre en nueva ventana)\" href=\"https:\/\/www.muface.es\/muface_Home\/dam\/jcr:3023433f-a888-416c-a72b-eb52180300f3\/Cambio-entmedicaEnero2024_ES.pdf\" target=\"_blank\" rel=\"noopener\">MODELO DE SOLICITUD GENERAL\u00a0 DE CAMBIO DE ENTIDAD\u00a0\u00a0<img src=\"https:\/\/www.muface.es\/resources\/templating-kit\/themes\/muface\/img\/general\/icons\/ico_enlace_externo2.png\" alt=\"(Abre en nueva ventana)\" \/><\/a><\/li>\n<\/ul>\n<p>Por otra parte,\u00a0recuerde\u00a0que la tarjeta sanitaria la emite su entidad, no MUFACE:<\/p>\n<ul>\n<li>Si usted opt\u00f3 por entidad concertada, en una semana se la enviar\u00e1n a su domicilio.<\/li>\n<li>Si usted eligi\u00f3 servicio p\u00fablico de salud, debe acudir a su Centro de Salud y solicitar su emisi\u00f3n.<\/li>\n<\/ul>\n<p><a title=\"Vea adem\u00e1s la informaci\u00f3n sobre el certificado de adscripci\u00f3n a entidad sanitaria, que puede obtener tras realizar el cambio en la sede electr\u00f3nica o en una oficina de MUFACE.\" href=\"https:\/\/www.muface.es\/muface_Home\/Mis-datos-y-certificados.html\">Vea adem\u00e1s la informaci\u00f3n sobre el certificado de adscripci\u00f3n a entidad sanitaria, que puede obtener tras realizar el cambio en la sede electr\u00f3nica o en una oficina de MUFACE.<\/a><\/p>\n<!-- \/wp:paragraph --><\/div>\n\t\t\t\t<\/div>\n\t\t\t\t<\/div>\n\t\t\t\t\t\t<\/div>\n\t\t\t\t\t<\/div>\n\t\t<\/div>\n\t\t\t\t\t\t\t\t<\/div>\n\t\t\t\t\t<\/div>\n\t\t<\/section>\n\t\t\t\t<section class=\"penci-section penci-disSticky penci-structure-10 elementor-section elementor-top-section elementor-element elementor-element-9d88855 elementor-section-boxed elementor-section-height-default elementor-section-height-default\" data-id=\"9d88855\" data-element_type=\"section\">\n\t\t\t\t\t\t<div class=\"elementor-container elementor-column-gap-default\">\n\t\t\t\t\t\t\t<div class=\"elementor-row\">\n\t\t\t\t\t<div class=\"penci-ercol-100 penci-ercol-order-1 penci-sticky-ct  elementor-column elementor-col-100 elementor-top-column elementor-element elementor-element-a22ef2e\" data-id=\"a22ef2e\" data-element_type=\"column\">\n\t\t\t<div class=\"theiaStickySidebar elementor-column-wrap elementor-element-populated\">\n\t\t\t\t\t\t\t<div class=\"elementor-widget-wrap\">\n\t\t\t\t\t\t\t\t<\/div>\n\t\t\t\t\t<\/div>\n\t\t<\/div>\n\t\t\t\t\t\t\t\t<\/div>\n\t\t\t\t\t<\/div>\n\t\t<\/section>\n\t\t\t\t\t\t<\/div>\n\t\t\t\t\t\t<\/div>\n\t\t\t\t\t<\/div>\n\t\t","protected":false},"excerpt":{"rendered":"<p>CAMBIO ORDINARIO EN 2025 Como todos los a\u00f1os, los mutualistas tienen derecho a la libre elecci\u00f3n para&hellip;<\/p>\n","protected":false},"author":1,"featured_media":2866,"comment_status":"closed","ping_status":"closed","sticky":false,"template":"","format":"standard","meta":[],"categories":[18],"tags":[],"_links":{"self":[{"href":"https:\/\/anpeciudadreal.es\/index.php\/wp-json\/wp\/v2\/posts\/2860"}],"collection":[{"href":"https:\/\/anpeciudadreal.es\/index.php\/wp-json\/wp\/v2\/posts"}],"about":[{"href":"https:\/\/anpeciudadreal.es\/index.php\/wp-json\/wp\/v2\/types\/post"}],"author":[{"embeddable":true,"href":"https:\/\/anpeciudadreal.es\/index.php\/wp-json\/wp\/v2\/users\/1"}],"replies":[{"embeddable":true,"href":"https:\/\/anpeciudadreal.es\/index.php\/wp-json\/wp\/v2\/comments?post=2860"}],"version-history":[{"count":8,"href":"https:\/\/anpeciudadreal.es\/index.php\/wp-json\/wp\/v2\/posts\/2860\/revisions"}],"predecessor-version":[{"id":2872,"href":"https:\/\/anpeciudadreal.es\/index.php\/wp-json\/wp\/v2\/posts\/2860\/revisions\/2872"}],"wp:featuredmedia":[{"embeddable":true,"href":"https:\/\/anpeciudadreal.es\/index.php\/wp-json\/wp\/v2\/media\/2866"}],"wp:attachment":[{"href":"https:\/\/anpeciudadreal.es\/index.php\/wp-json\/wp\/v2\/media?parent=2860"}],"wp:term":[{"taxonomy":"category","embeddable":true,"href":"https:\/\/anpeciudadreal.es\/index.php\/wp-json\/wp\/v2\/categories?post=2860"},{"taxonomy":"post_tag","embeddable":true,"href":"https:\/\/anpeciudadreal.es\/index.php\/wp-json\/wp\/v2\/tags?post=2860"}],"curies":[{"name":"wp","href":"https:\/\/api.w.org\/{rel}","templated":true}]}}