{"id":2819,"date":"2025-05-30T10:48:25","date_gmt":"2025-05-30T09:48:25","guid":{"rendered":"https:\/\/anpeciudadreal.es\/?p=2819"},"modified":"2025-05-30T11:50:23","modified_gmt":"2025-05-30T10:50:23","slug":"baremo-definitivo-y-adjudicacion-provisional-de-admision-a-2o-ciclo-de-infantil-primaria-eso-y-bachillerato-curso-2025-2026","status":"publish","type":"post","link":"https:\/\/anpeciudadreal.es\/index.php\/2025\/05\/30\/baremo-definitivo-y-adjudicacion-provisional-de-admision-a-2o-ciclo-de-infantil-primaria-eso-y-bachillerato-curso-2025-2026\/","title":{"rendered":"Baremo definitivo y adjudicaci\u00f3n provisional de Admisi\u00f3n a 2\u00ba ciclo de Infantil, Primaria, ESO y Bachillerato. Curso 2025\/2026"},"content":{"rendered":"\t\t<div data-elementor-type=\"wp-post\" data-elementor-id=\"2819\" class=\"elementor elementor-2819\" data-elementor-settings=\"[]\">\n\t\t\t\t\t\t<div class=\"elementor-inner\">\n\t\t\t\t\t\t\t<div class=\"elementor-section-wrap\">\n\t\t\t\t\t\t\t<section class=\"penci-section penci-disSticky penci-structure-10 elementor-section elementor-top-section elementor-element elementor-element-107f47ed elementor-section-boxed elementor-section-height-default elementor-section-height-default\" data-id=\"107f47ed\" data-element_type=\"section\">\n\t\t\t\t\t\t<div class=\"elementor-container elementor-column-gap-default\">\n\t\t\t\t\t\t\t<div class=\"elementor-row\">\n\t\t\t\t\t<div class=\"penci-ercol-100 penci-ercol-order-1 penci-sticky-ct  elementor-column elementor-col-100 elementor-top-column elementor-element elementor-element-292c10eb\" data-id=\"292c10eb\" data-element_type=\"column\">\n\t\t\t<div class=\"theiaStickySidebar elementor-column-wrap elementor-element-populated\">\n\t\t\t\t\t\t\t<div class=\"elementor-widget-wrap\">\n\t\t\t\t\t\t<div class=\"elementor-element elementor-element-165e6cbc elementor-widget elementor-widget-text-editor\" data-id=\"165e6cbc\" data-element_type=\"widget\" data-widget_type=\"text-editor.default\">\n\t\t\t\t<div class=\"elementor-widget-container\">\n\t\t\t\t\t<div class=\"elementor-text-editor elementor-clearfix\"><!-- wp:paragraph -->\n<p>Publicado el\u00a0<strong>baremo definitivo y la adjudicaci\u00f3n provisional<\/strong>\u00a0del proceso de Admisi\u00f3n de alumnado para el curso 2025-2026 en las etapas de Segundo Ciclo de Educaci\u00f3n Infantil, Educaci\u00f3n Primaria, Educaci\u00f3n Secundaria Obligatoria y Bachillerato.<\/p>\n<p>Puede realizar el seguimiento de su solicitud a trav\u00e9s de EducamosCLM en la Secretar\u00eda Virtual en la opci\u00f3n C\u00d3MO VAN MIS TR\u00c1MITES o pulsando sobre \u201cMis tr\u00e1mites\u201d, \u201cMis solicitudes\u201d y, pinchando sobre el nombre de la columna \u201cSolicitante\u201d, seleccionar \u201cDatos de la solicitud\u201d. Tambi\u00e9n puede consultar los listados generales en esta misma p\u00e1gina.<\/p>\n<p>Desde el d\u00eda\u00a0<strong>30 de mayo al 2 de junio de 2025 se encuentra abierto el plazo para realizar reclamaciones<\/strong>\u00a0a esta adjudicaci\u00f3n provisional, a trav\u00e9s de la Secretar\u00eda Virtual de la\u00a0<a title=\"\" href=\"https:\/\/educamosclm.castillalamancha.es\/\" target=\"_blank\" rel=\"noopener\">plataforma EducamosCLM<img src=\"https:\/\/www.educa.jccm.es\/educacion\/imagenes\/popup\/popup_external_small.gif\" alt=\"Este enlace se abrir\u00e1 en una ventana nueva\" \/><\/a>\u00a0en la opci\u00f3n C\u00d3MO VAN MIS TR\u00c1MITES eligiendo sobre la solicitud \u201cPresentar Reclamaci\u00f3n\u201d.<\/p>\n<p>\u00a0<\/p>\n<p>La resoluci\u00f3n de la reclamaci\u00f3n a la adjudicaci\u00f3n provisional se har\u00e1 visible en el seguimiento de la solicitud \u00abDatos Solicitud\u00bb el d\u00eda 30 de junio de 2025 con la publicaci\u00f3n de la adjudicaci\u00f3n definitiva.\u00a0<\/p>\n<p>Desde el d\u00eda\u00a0<strong>3 de junio y hasta el 12 de junio de 2025, se abre el plazo de RENUNCIA<\/strong>\u00a0a participar en el proceso de admisi\u00f3n, a trav\u00e9s de la Secretar\u00eda Virtual en la opci\u00f3n C\u00d3MO VAN MIS TR\u00c1MITES eligiendo sobre la solicitud \u201cPresentar Renuncia\u201d.<\/p>\n<p><em>IMPORTANTE: La renuncia a seguir participando en el proceso de admisi\u00f3n deben realizarla cada uno de los progenitores o tutores\/as legales que firmaron la solicitud de admisi\u00f3n de forma independiente, excepto los que cumplimentaron y acreditaron la declaraci\u00f3n responsable.<\/em><\/p>\n<p>\u00a0<\/p>\n<h3>Ficheros disponibles<\/h3>\n<ul>\n<li><img src=\"https:\/\/www.educa.jccm.es\/educacion\/imagenes\/iconos\/filetypes\/multiple.gif\" alt=\"Recurso que engloba varios ficheros\" \/><strong>Baremo definitivo &#8211; Obligatorias<\/strong>\n<ul>\n<li><a class=\"cmContentLink\" href=\"https:\/\/www.educa.jccm.es\/es\/admision\/admision-2-ciclo-infantil-primaria-bachillerato\/baremo-definitivo-adjudicacion-provisional-admision-2-ciclo.ficheros\/769816-290525-Baremo_definitivo_publicable_InfPrimSec_Albacete.pdf\"><img src=\"https:\/\/www.educa.jccm.es\/educacion\/cm\/educa_jccm\/images?idMmedia=6\" alt=\"Documento Adobe PDF\" \/>Albacete<strong>13,9\u00a0MB<\/strong><\/a><\/li>\n<li><a class=\"cmContentLink\" href=\"https:\/\/www.educa.jccm.es\/es\/admision\/admision-2-ciclo-infantil-primaria-bachillerato\/baremo-definitivo-adjudicacion-provisional-admision-2-ciclo.ficheros\/769817-290525_Baremo_%20definitivo_%20publicable_%20InfPrimSecCiudad%20Real.pdf\"><img src=\"https:\/\/www.educa.jccm.es\/educacion\/cm\/educa_jccm\/images?idMmedia=6\" alt=\"Documento Adobe PDF\" \/>Ciudad Real<strong>11,5\u00a0MB<\/strong><\/a><\/li>\n<li><a class=\"cmContentLink\" href=\"https:\/\/www.educa.jccm.es\/es\/admision\/admision-2-ciclo-infantil-primaria-bachillerato\/baremo-definitivo-adjudicacion-provisional-admision-2-ciclo.ficheros\/769818-290525-Baremo_definitivo_publicable_Inf_Prim_Sec_Cuenca.pdf\"><img src=\"https:\/\/www.educa.jccm.es\/educacion\/cm\/educa_jccm\/images?idMmedia=6\" alt=\"Documento Adobe PDF\" \/>Cuenca<strong>3,4\u00a0MB<\/strong><\/a><\/li>\n<li><a class=\"cmContentLink\" href=\"https:\/\/www.educa.jccm.es\/es\/admision\/admision-2-ciclo-infantil-primaria-bachillerato\/baremo-definitivo-adjudicacion-provisional-admision-2-ciclo.ficheros\/769819-290525_Baremo_%20definitivo_%20publicable_%20InfPrimSecGuadalajara.pdf\"><img src=\"https:\/\/www.educa.jccm.es\/educacion\/cm\/educa_jccm\/images?idMmedia=6\" alt=\"Documento Adobe PDF\" \/>Guadalajara<strong>7,7\u00a0MB<\/strong><\/a><\/li>\n<li><a class=\"cmContentLink\" href=\"https:\/\/www.educa.jccm.es\/es\/admision\/admision-2-ciclo-infantil-primaria-bachillerato\/baremo-definitivo-adjudicacion-provisional-admision-2-ciclo.ficheros\/769820-290525_Baremo_%20definitivo_%20publicable_%20Inf_Prim_Sec_%20Toledo.pdf\"><img src=\"https:\/\/www.educa.jccm.es\/educacion\/cm\/educa_jccm\/images?idMmedia=6\" alt=\"Documento Adobe PDF\" \/>Toledo<strong>12,7\u00a0MB<\/strong><\/a><\/li>\n<\/ul>\n<\/li>\n<li><img src=\"https:\/\/www.educa.jccm.es\/educacion\/imagenes\/iconos\/filetypes\/multiple.gif\" alt=\"Recurso que engloba varios ficheros\" \/><strong>Baremo definitivo &#8211; Bachillerato<\/strong>\n<ul>\n<li><a class=\"cmContentLink\" href=\"https:\/\/www.educa.jccm.es\/es\/admision\/admision-2-ciclo-infantil-primaria-bachillerato\/baremo-definitivo-adjudicacion-provisional-admision-2-ciclo.ficheros\/769821-29-05-25-Baremo%20definitivo%20publicable%20BACH%20Albacete.pdf\"><img src=\"https:\/\/www.educa.jccm.es\/educacion\/cm\/educa_jccm\/images?idMmedia=6\" alt=\"Documento Adobe PDF\" \/>Albacete<strong>3,9\u00a0MB<\/strong><\/a><\/li>\n<li><a class=\"cmContentLink\" href=\"https:\/\/www.educa.jccm.es\/es\/admision\/admision-2-ciclo-infantil-primaria-bachillerato\/baremo-definitivo-adjudicacion-provisional-admision-2-ciclo.ficheros\/769822-29-05-25-Baremo%20definitivo%20publicable%20BACH%20Ciudad%20Real.pdf\"><img src=\"https:\/\/www.educa.jccm.es\/educacion\/cm\/educa_jccm\/images?idMmedia=6\" alt=\"Documento Adobe PDF\" \/>Ciudad Real<strong>2,6\u00a0MB<\/strong><\/a><\/li>\n<li><a class=\"cmContentLink\" href=\"https:\/\/www.educa.jccm.es\/es\/admision\/admision-2-ciclo-infantil-primaria-bachillerato\/baremo-definitivo-adjudicacion-provisional-admision-2-ciclo.ficheros\/769823-29-05-25-Baremo%20definitivo%20publicable%20BACH%20Cuenca.pdf\"><img src=\"https:\/\/www.educa.jccm.es\/educacion\/cm\/educa_jccm\/images?idMmedia=6\" alt=\"Documento Adobe PDF\" \/>Cuenca<strong>990\u00a0KB<\/strong><\/a><\/li>\n<li><a class=\"cmContentLink\" href=\"https:\/\/www.educa.jccm.es\/es\/admision\/admision-2-ciclo-infantil-primaria-bachillerato\/baremo-definitivo-adjudicacion-provisional-admision-2-ciclo.ficheros\/769824-29-05-25-Baremo%20definitivo%20publicable%20BACH%20Guadalajara.pdf\"><img src=\"https:\/\/www.educa.jccm.es\/educacion\/cm\/educa_jccm\/images?idMmedia=6\" alt=\"Documento Adobe PDF\" \/>Guadalajara<strong>2,2\u00a0MB<\/strong><\/a><\/li>\n<li><a class=\"cmContentLink\" href=\"https:\/\/www.educa.jccm.es\/es\/admision\/admision-2-ciclo-infantil-primaria-bachillerato\/baremo-definitivo-adjudicacion-provisional-admision-2-ciclo.ficheros\/769825-29-05-25-Baremo%20definitivo%20publicable%20BACH%20Toledo.pdf\"><img src=\"https:\/\/www.educa.jccm.es\/educacion\/cm\/educa_jccm\/images?idMmedia=6\" alt=\"Documento Adobe PDF\" \/>Toledo<strong>4,5\u00a0MB<\/strong><\/a><\/li>\n<\/ul>\n<\/li>\n<\/ul>\n<ul>\n<li><img src=\"https:\/\/www.educa.jccm.es\/educacion\/imagenes\/iconos\/filetypes\/multiple.gif\" alt=\"Recurso que engloba varios ficheros\" \/><strong>Adjudicaci\u00f3n provisional &#8211; Obligatorias<\/strong>\n<ul>\n<li><a class=\"cmContentLink\" href=\"https:\/\/www.educa.jccm.es\/es\/admision\/admision-2-ciclo-infantil-primaria-bachillerato\/baremo-definitivo-adjudicacion-provisional-admision-2-ciclo.ficheros\/769826-290525_Adjudicaci%C3%B3n_prov_Inf_Prim_Sec_Albacete.pdf\"><img src=\"https:\/\/www.educa.jccm.es\/educacion\/cm\/educa_jccm\/images?idMmedia=6\" alt=\"Documento Adobe PDF\" \/>Albacete<strong>4,5\u00a0MB<\/strong><\/a><\/li>\n<li><a class=\"cmContentLink\" href=\"https:\/\/www.educa.jccm.es\/es\/admision\/admision-2-ciclo-infantil-primaria-bachillerato\/baremo-definitivo-adjudicacion-provisional-admision-2-ciclo.ficheros\/769827-290525_Adjudicaci%C3%B3n_prov_Inf_Prim_Sec_Ciudad%20Real.pdf\"><img src=\"https:\/\/www.educa.jccm.es\/educacion\/cm\/educa_jccm\/images?idMmedia=6\" alt=\"Documento Adobe PDF\" \/>Ciudad Real<strong>4,7\u00a0MB<\/strong><\/a><\/li>\n<li><a class=\"cmContentLink\" href=\"https:\/\/www.educa.jccm.es\/es\/admision\/admision-2-ciclo-infantil-primaria-bachillerato\/baremo-definitivo-adjudicacion-provisional-admision-2-ciclo.ficheros\/769828-290525_Adjudicaci%C3%B3n_prov_Inf_Prim_Sec_Cuenca.pdf\"><img src=\"https:\/\/www.educa.jccm.es\/educacion\/cm\/educa_jccm\/images?idMmedia=6\" alt=\"Documento Adobe PDF\" \/>Cuenca<strong>1,5\u00a0MB<\/strong><\/a><\/li>\n<li><a class=\"cmContentLink\" href=\"https:\/\/www.educa.jccm.es\/es\/admision\/admision-2-ciclo-infantil-primaria-bachillerato\/baremo-definitivo-adjudicacion-provisional-admision-2-ciclo.ficheros\/769829-290525_Adjudicaci%C3%B3n_prov_Inf_Prim_Sec_Guadalajara.pdf\"><img src=\"https:\/\/www.educa.jccm.es\/educacion\/cm\/educa_jccm\/images?idMmedia=6\" alt=\"Documento Adobe PDF\" \/>Guadalajara<strong>2,8\u00a0MB<\/strong><\/a><\/li>\n<li><a class=\"cmContentLink\" href=\"https:\/\/www.educa.jccm.es\/es\/admision\/admision-2-ciclo-infantil-primaria-bachillerato\/baremo-definitivo-adjudicacion-provisional-admision-2-ciclo.ficheros\/769830-290525_Adjudicaci%C3%B3n_%20prov_Inf_Prim_Sec_Toledo.pdf\"><img src=\"https:\/\/www.educa.jccm.es\/educacion\/cm\/educa_jccm\/images?idMmedia=6\" alt=\"Documento Adobe PDF\" \/>Toledo<strong>6,4\u00a0MB<\/strong><\/a><\/li>\n<\/ul>\n<\/li>\n<li><img src=\"https:\/\/www.educa.jccm.es\/educacion\/imagenes\/iconos\/filetypes\/multiple.gif\" alt=\"Recurso que engloba varios ficheros\" \/><strong>Adjudicaci\u00f3n provisional &#8211; Bachillerato<\/strong>\n<ul>\n<li><a class=\"cmContentLink\" href=\"https:\/\/www.educa.jccm.es\/es\/admision\/admision-2-ciclo-infantil-primaria-bachillerato\/baremo-definitivo-adjudicacion-provisional-admision-2-ciclo.ficheros\/769800-290525_Adjudicaci%C3%B3n_%20prov_%20BACH_Albacete.pdf\"><img src=\"https:\/\/www.educa.jccm.es\/educacion\/cm\/educa_jccm\/images?idMmedia=6\" alt=\"Documento Adobe PDF\" \/>Albacete<strong>1,2\u00a0MB<\/strong><\/a><\/li>\n<li><a class=\"cmContentLink\" href=\"https:\/\/www.educa.jccm.es\/es\/admision\/admision-2-ciclo-infantil-primaria-bachillerato\/baremo-definitivo-adjudicacion-provisional-admision-2-ciclo.ficheros\/769801-290525_Adjudicaci%C3%B3n%20prov_BACH_Ciudad%20Real.pdf\"><img src=\"https:\/\/www.educa.jccm.es\/educacion\/cm\/educa_jccm\/images?idMmedia=6\" alt=\"Documento Adobe PDF\" \/>Ciudad Real<strong>1,2\u00a0MB<\/strong><\/a><\/li>\n<li><a class=\"cmContentLink\" href=\"https:\/\/www.educa.jccm.es\/es\/admision\/admision-2-ciclo-infantil-primaria-bachillerato\/baremo-definitivo-adjudicacion-provisional-admision-2-ciclo.ficheros\/769802-290525_Adjudicaci%C3%B3n_%20prov_BACH_Cuenca.pdf\"><img src=\"https:\/\/www.educa.jccm.es\/educacion\/cm\/educa_jccm\/images?idMmedia=6\" alt=\"Documento Adobe PDF\" \/>Cuenca<strong>420\u00a0KB<\/strong><\/a><\/li>\n<li><a class=\"cmContentLink\" href=\"https:\/\/www.educa.jccm.es\/es\/admision\/admision-2-ciclo-infantil-primaria-bachillerato\/baremo-definitivo-adjudicacion-provisional-admision-2-ciclo.ficheros\/769803-290525_Adjudicaci%C3%B3n_%20prov_BACH_%20Guadalajara.pdf\"><img src=\"https:\/\/www.educa.jccm.es\/educacion\/cm\/educa_jccm\/images?idMmedia=6\" alt=\"Documento Adobe PDF\" \/>Guadalajara<strong>791\u00a0KB<\/strong><\/a><\/li>\n<li><a class=\"cmContentLink\" href=\"https:\/\/www.educa.jccm.es\/es\/admision\/admision-2-ciclo-infantil-primaria-bachillerato\/baremo-definitivo-adjudicacion-provisional-admision-2-ciclo.ficheros\/769804-290525_Adjudicaci%C3%B3n_%20prov_BACH_Toledo.pdf\"><img src=\"https:\/\/www.educa.jccm.es\/educacion\/cm\/educa_jccm\/images?idMmedia=6\" alt=\"Documento Adobe PDF\" \/>Toledo<strong>1,7 MB<\/strong><\/a><\/li>\n<\/ul>\n<\/li>\n<\/ul>\n<p>\u00a0<\/p>\n<!-- \/wp:list --><\/div>\n\t\t\t\t<\/div>\n\t\t\t\t<\/div>\n\t\t\t\t\t\t<\/div>\n\t\t\t\t\t<\/div>\n\t\t<\/div>\n\t\t\t\t\t\t\t\t<\/div>\n\t\t\t\t\t<\/div>\n\t\t<\/section>\n\t\t\t\t\t\t<\/div>\n\t\t\t\t\t\t<\/div>\n\t\t\t\t\t<\/div>\n\t\t","protected":false},"excerpt":{"rendered":"<p>Publicado el\u00a0baremo definitivo y la adjudicaci\u00f3n provisional\u00a0del proceso de Admisi\u00f3n de alumnado para el curso 2025-2026 en&hellip;<\/p>\n","protected":false},"author":1,"featured_media":2837,"comment_status":"closed","ping_status":"closed","sticky":false,"template":"","format":"standard","meta":[],"categories":[3,7],"tags":[],"_links":{"self":[{"href":"https:\/\/anpeciudadreal.es\/index.php\/wp-json\/wp\/v2\/posts\/2819"}],"collection":[{"href":"https:\/\/anpeciudadreal.es\/index.php\/wp-json\/wp\/v2\/posts"}],"about":[{"href":"https:\/\/anpeciudadreal.es\/index.php\/wp-json\/wp\/v2\/types\/post"}],"author":[{"embeddable":true,"href":"https:\/\/anpeciudadreal.es\/index.php\/wp-json\/wp\/v2\/users\/1"}],"replies":[{"embeddable":true,"href":"https:\/\/anpeciudadreal.es\/index.php\/wp-json\/wp\/v2\/comments?post=2819"}],"version-history":[{"count":10,"href":"https:\/\/anpeciudadreal.es\/index.php\/wp-json\/wp\/v2\/posts\/2819\/revisions"}],"predecessor-version":[{"id":2840,"href":"https:\/\/anpeciudadreal.es\/index.php\/wp-json\/wp\/v2\/posts\/2819\/revisions\/2840"}],"wp:featuredmedia":[{"embeddable":true,"href":"https:\/\/anpeciudadreal.es\/index.php\/wp-json\/wp\/v2\/media\/2837"}],"wp:attachment":[{"href":"https:\/\/anpeciudadreal.es\/index.php\/wp-json\/wp\/v2\/media?parent=2819"}],"wp:term":[{"taxonomy":"category","embeddable":true,"href":"https:\/\/anpeciudadreal.es\/index.php\/wp-json\/wp\/v2\/categories?post=2819"},{"taxonomy":"post_tag","embeddable":true,"href":"https:\/\/anpeciudadreal.es\/index.php\/wp-json\/wp\/v2\/tags?post=2819"}],"curies":[{"name":"wp","href":"https:\/\/api.w.org\/{rel}","templated":true}]}}