{"id":2715,"date":"2025-05-20T10:22:32","date_gmt":"2025-05-20T09:22:32","guid":{"rendered":"https:\/\/anpeciudadreal.es\/?p=2715"},"modified":"2025-05-20T10:58:04","modified_gmt":"2025-05-20T09:58:04","slug":"delegacion-provincial-educacion-cultura-y-deportes-cr","status":"publish","type":"post","link":"https:\/\/anpeciudadreal.es\/index.php\/2025\/05\/20\/delegacion-provincial-educacion-cultura-y-deportes-cr\/","title":{"rendered":"Delegaci\u00f3n Provincial Educaci\u00f3n, Cultura y Deportes Ciudad Real"},"content":{"rendered":"\t\t<div data-elementor-type=\"wp-post\" data-elementor-id=\"2715\" class=\"elementor elementor-2715\" data-elementor-settings=\"[]\">\n\t\t\t\t\t\t<div class=\"elementor-inner\">\n\t\t\t\t\t\t\t<div class=\"elementor-section-wrap\">\n\t\t\t\t\t\t\t<section class=\"penci-section penci-disSticky penci-structure-10 elementor-section elementor-top-section elementor-element elementor-element-42fa8ab9 elementor-section-boxed elementor-section-height-default elementor-section-height-default\" data-id=\"42fa8ab9\" data-element_type=\"section\">\n\t\t\t\t\t\t<div class=\"elementor-container elementor-column-gap-default\">\n\t\t\t\t\t\t\t<div class=\"elementor-row\">\n\t\t\t\t\t<div class=\"penci-ercol-100 penci-ercol-order-1 penci-sticky-ct  elementor-column elementor-col-100 elementor-top-column elementor-element elementor-element-f105549\" data-id=\"f105549\" data-element_type=\"column\">\n\t\t\t<div class=\"theiaStickySidebar elementor-column-wrap elementor-element-populated\">\n\t\t\t\t\t\t\t<div class=\"elementor-widget-wrap\">\n\t\t\t\t\t\t<div class=\"elementor-element elementor-element-638c2876 elementor-widget elementor-widget-text-editor\" data-id=\"638c2876\" data-element_type=\"widget\" data-widget_type=\"text-editor.default\">\n\t\t\t\t<div class=\"elementor-widget-container\">\n\t\t\t\t\t<div class=\"elementor-text-editor elementor-clearfix\"><!-- wp:paragraph -->\n<h2><span style=\"color: #3366ff;\">Datos de Inter\u00e9s Registro<\/span><\/h2>\n<h4>Delegaci\u00f3n Provincial Educaci\u00f3n, Cultura y Deportes Ciudad Real<\/h4>\n<p>Avenida Alarcos 21, 13071, Ciudad Real<\/p>\n<p>\u00a0<\/p>\n<div class=\"col-xs-12 col-sm-6 col-md-3 oir-contact-data\"><img title=\"Tel\u00e9fono\" src=\"https:\/\/www.jccm.es\/themes\/custom\/barrio_custom\/images\/phone.svg\" alt=\"tel\u00e9fono\" \/>\n<p><a title=\"llamar al 926279124\" href=\"tel:926279124\">926279124<\/a><\/p>\n<\/div>\n<div class=\"col-xs-12 col-sm-6 oir-contact-data\"><img class=\"mail-img\" title=\"mail\" src=\"https:\/\/www.jccm.es\/themes\/custom\/barrio_custom\/images\/Group-4.svg\" alt=\"mail\" \/>\n<p><a title=\"escribir a registro.edu.cr@jccm.es\" href=\"mailto:registro.edu.cr@jccm.es\">registro.edu.cr@jccm.es<\/a><\/p>\n<p>\u00a0<\/p>\n<ul>\n<li class=\"field-timetable\">\n<h4><span style=\"color: #339966;\">Horario ordinario:<\/span><\/h4>\n<\/li>\n<\/ul>\n<p><span style=\"color: #000000;\">L, M, X, J, V: 09:00h a 14:00h<\/span><\/p>\n<p><span style=\"color: #000000;\">L, M, X: 16:30h a 18:30h<\/span><\/p>\n<ul>\n<li class=\"field-timetable\">\n<h4><span style=\"color: #339966;\">\u00a0Horario verano:<\/span><\/h4>\n<\/li>\n<\/ul>\n<p><span style=\"color: #000000;\">De 16\/06\/2024 a 15\/09\/2024<\/span><\/p>\n<p><span style=\"color: #000000;\">L, M, X, J, V: 09:00h a 14:00h<\/span><\/p>\n<h5>\u00a0<\/h5>\n<h5 class=\"field-timetable\"><span style=\"color: #339966;\">Informaci\u00f3n adicional de horarios<\/span><\/h5>\n<p class=\"field-timetable\">Jueves, Viernes y v\u00edsperas de festivo: de 9:00 a 14:00 horas (**) (**) Permanecer\u00e1 cerrado los d\u00edas: 1 al 7 de enero; del 8 al 11 de febrero; 15 al 22 de abril; agosto; 23 al 31 de diciembre<\/p>\n<\/div>\n<!-- \/wp:paragraph --><\/div>\n\t\t\t\t<\/div>\n\t\t\t\t<\/div>\n\t\t\t\t\t\t<\/div>\n\t\t\t\t\t<\/div>\n\t\t<\/div>\n\t\t\t\t\t\t\t\t<\/div>\n\t\t\t\t\t<\/div>\n\t\t<\/section>\n\t\t\t\t<section class=\"penci-section penci-disSticky penci-structure-10 elementor-section elementor-top-section elementor-element elementor-element-9d88855 elementor-section-boxed elementor-section-height-default elementor-section-height-default\" data-id=\"9d88855\" data-element_type=\"section\">\n\t\t\t\t\t\t<div class=\"elementor-container elementor-column-gap-default\">\n\t\t\t\t\t\t\t<div class=\"elementor-row\">\n\t\t\t\t\t<div class=\"penci-ercol-100 penci-ercol-order-1 penci-sticky-ct  elementor-column elementor-col-100 elementor-top-column elementor-element elementor-element-a22ef2e\" data-id=\"a22ef2e\" data-element_type=\"column\">\n\t\t\t<div class=\"theiaStickySidebar elementor-column-wrap elementor-element-populated\">\n\t\t\t\t\t\t\t<div class=\"elementor-widget-wrap\">\n\t\t\t\t\t\t\t\t<\/div>\n\t\t\t\t\t<\/div>\n\t\t<\/div>\n\t\t\t\t\t\t\t\t<\/div>\n\t\t\t\t\t<\/div>\n\t\t<\/section>\n\t\t\t\t<section class=\"penci-section penci-disSticky penci-structure-10 elementor-section elementor-top-section elementor-element elementor-element-ac88fca elementor-section-boxed elementor-section-height-default elementor-section-height-default\" data-id=\"ac88fca\" data-element_type=\"section\">\n\t\t\t\t\t\t<div class=\"elementor-container elementor-column-gap-default\">\n\t\t\t\t\t\t\t<div class=\"elementor-row\">\n\t\t\t\t\t<div class=\"penci-ercol-100 penci-ercol-order-1 penci-sticky-ct  elementor-column elementor-col-100 elementor-top-column elementor-element elementor-element-309c557\" data-id=\"309c557\" data-element_type=\"column\">\n\t\t\t<div class=\"theiaStickySidebar elementor-column-wrap elementor-element-populated\">\n\t\t\t\t\t\t\t<div class=\"elementor-widget-wrap\">\n\t\t\t\t\t\t<div class=\"elementor-element elementor-element-1eebcb0 elementor-widget elementor-widget-google_maps\" data-id=\"1eebcb0\" data-element_type=\"widget\" data-widget_type=\"google_maps.default\">\n\t\t\t\t<div class=\"elementor-widget-container\">\n\t\t\t<div class=\"elementor-custom-embed\"><iframe frameborder=\"0\" scrolling=\"no\" marginheight=\"0\" marginwidth=\"0\" src=\"https:\/\/maps.google.com\/maps?q=calle%20alarcos%2C%2021%2013071%20ciudad%20real&amp;t=m&amp;z=18&amp;output=embed&amp;iwloc=near\" title=\"calle alarcos, 21 13071 ciudad real\" aria-label=\"calle alarcos, 21 13071 ciudad real\"><\/iframe><\/div>\t\t<\/div>\n\t\t\t\t<\/div>\n\t\t\t\t\t\t<\/div>\n\t\t\t\t\t<\/div>\n\t\t<\/div>\n\t\t\t\t\t\t\t\t<\/div>\n\t\t\t\t\t<\/div>\n\t\t<\/section>\n\t\t\t\t\t\t<\/div>\n\t\t\t\t\t\t<\/div>\n\t\t\t\t\t<\/div>\n\t\t","protected":false},"excerpt":{"rendered":"<p>Datos de Inter\u00e9s Registro Delegaci\u00f3n Provincial Educaci\u00f3n, Cultura y Deportes Ciudad Real Avenida Alarcos 21, 13071, Ciudad&hellip;<\/p>\n","protected":false},"author":1,"featured_media":2721,"comment_status":"closed","ping_status":"closed","sticky":false,"template":"","format":"standard","meta":[],"categories":[18],"tags":[],"_links":{"self":[{"href":"https:\/\/anpeciudadreal.es\/index.php\/wp-json\/wp\/v2\/posts\/2715"}],"collection":[{"href":"https:\/\/anpeciudadreal.es\/index.php\/wp-json\/wp\/v2\/posts"}],"about":[{"href":"https:\/\/anpeciudadreal.es\/index.php\/wp-json\/wp\/v2\/types\/post"}],"author":[{"embeddable":true,"href":"https:\/\/anpeciudadreal.es\/index.php\/wp-json\/wp\/v2\/users\/1"}],"replies":[{"embeddable":true,"href":"https:\/\/anpeciudadreal.es\/index.php\/wp-json\/wp\/v2\/comments?post=2715"}],"version-history":[{"count":8,"href":"https:\/\/anpeciudadreal.es\/index.php\/wp-json\/wp\/v2\/posts\/2715\/revisions"}],"predecessor-version":[{"id":2725,"href":"https:\/\/anpeciudadreal.es\/index.php\/wp-json\/wp\/v2\/posts\/2715\/revisions\/2725"}],"wp:featuredmedia":[{"embeddable":true,"href":"https:\/\/anpeciudadreal.es\/index.php\/wp-json\/wp\/v2\/media\/2721"}],"wp:attachment":[{"href":"https:\/\/anpeciudadreal.es\/index.php\/wp-json\/wp\/v2\/media?parent=2715"}],"wp:term":[{"taxonomy":"category","embeddable":true,"href":"https:\/\/anpeciudadreal.es\/index.php\/wp-json\/wp\/v2\/categories?post=2715"},{"taxonomy":"post_tag","embeddable":true,"href":"https:\/\/anpeciudadreal.es\/index.php\/wp-json\/wp\/v2\/tags?post=2715"}],"curies":[{"name":"wp","href":"https:\/\/api.w.org\/{rel}","templated":true}]}}