{"id":2171,"date":"2022-09-22T21:07:26","date_gmt":"2022-09-22T20:07:26","guid":{"rendered":"https:\/\/anpeciudadreal.es\/?p=2171"},"modified":"2022-10-09T21:19:48","modified_gmt":"2022-10-09T20:19:48","slug":"elementor-2171","status":"publish","type":"post","link":"https:\/\/anpeciudadreal.es\/index.php\/2022\/09\/22\/elementor-2171\/","title":{"rendered":"Invitaci\u00f3n acto Funcionarios en pr\u00e1cticas 22-23"},"content":{"rendered":"\t\t<div data-elementor-type=\"wp-post\" data-elementor-id=\"2171\" class=\"elementor elementor-2171\" data-elementor-settings=\"[]\">\n\t\t\t\t\t\t<div class=\"elementor-inner\">\n\t\t\t\t\t\t\t<div class=\"elementor-section-wrap\">\n\t\t\t\t\t\t\t<section class=\"penci-section penci-disSticky penci-structure-10 elementor-section elementor-top-section elementor-element elementor-element-1129be2 elementor-section-boxed elementor-section-height-default elementor-section-height-default\" data-id=\"1129be2\" data-element_type=\"section\">\n\t\t\t\t\t\t<div class=\"elementor-container elementor-column-gap-default\">\n\t\t\t\t\t\t\t<div class=\"elementor-row\">\n\t\t\t\t\t<div class=\"penci-ercol-100 penci-ercol-order-1 penci-sticky-ct  elementor-column elementor-col-100 elementor-top-column elementor-element elementor-element-a1b87d9\" data-id=\"a1b87d9\" data-element_type=\"column\">\n\t\t\t<div class=\"theiaStickySidebar elementor-column-wrap elementor-element-populated\">\n\t\t\t\t\t\t\t<div class=\"elementor-widget-wrap\">\n\t\t\t\t\t\t<div class=\"elementor-element elementor-element-620e41a elementor-widget elementor-widget-text-editor\" data-id=\"620e41a\" data-element_type=\"widget\" data-widget_type=\"text-editor.default\">\n\t\t\t\t<div class=\"elementor-widget-container\">\n\t\t\t\t\t<div class=\"elementor-text-editor elementor-clearfix\"><h1>HOMENAJE<\/h1><h3>D\u00eda 8 octubre INVITACI\u00d3N Funcionarios Pr\u00e1cticas<\/h3><h3>El pr\u00f3ximo d\u00eda 8 de octubre vamos a celebrar el d\u00eda mundial del docente y qu\u00e9 mejor ocasi\u00f3n que celebrarlo con todos vosotros, ya que hab\u00e9is conseguido un reto muy importante, conseguir la plaza de funcionario docente.<\/h3><h3>Dicho acto, se celebrar\u00e1 en el Hotel Guadiana de Ciudad Real, s\u00e1bado 8 de octubre, a las 13 horas, donde pasaremos un rato agradable entre nosotros y adem\u00e1s conoceremos a los centros ganadores del III Premio de Innovaci\u00f3n Educativa \u00abPaco Diestro\u00bb.<br \/>Despu\u00e9s degustaremos un C\u00f3ctel en los salones del hotel.<br \/>Adjuntamos un formulario para confirmar la asistencia.<br \/><a href=\"https:\/\/docs.google.com\/forms\/d\/e\/1FAIpQLSfjzBoBASTbAIIhUhraKI2rHdH-YUSUzzjoEsK6PEQ4jFj92w\/viewform?usp=sharing\" target=\"_blank\" rel=\"noopener\">https:\/\/docs.google.com\/forms\/d\/e\/1FAIpQLSfjzBoBASTbAIIhUhraKI2rHdH-YUSUzzjoEsK6PEQ4jFj92w\/viewform?usp=sharing<\/a><br \/>Por favor, no dej\u00e9is pasar esta oportunidad, y as\u00ed aprovecharemos para conocernos m\u00e1s en profundidad y estrechar a\u00fan m\u00e1s el v\u00ednculo con los afiliados.<\/h3><p>Para cualquier duda o pregunta no dud\u00e9is en llamarnos a la sede de ANPECIUDAD REAL<br \/>Tel\u00e9fono: 926274141<\/p><\/div>\n\t\t\t\t<\/div>\n\t\t\t\t<\/div>\n\t\t\t\t\t\t<\/div>\n\t\t\t\t\t<\/div>\n\t\t<\/div>\n\t\t\t\t\t\t\t\t<\/div>\n\t\t\t\t\t<\/div>\n\t\t<\/section>\n\t\t\t\t\t\t<\/div>\n\t\t\t\t\t\t<\/div>\n\t\t\t\t\t<\/div>\n\t\t","protected":false},"excerpt":{"rendered":"<p>HOMENAJE D\u00eda 8 octubre INVITACI\u00d3N Funcionarios Pr\u00e1cticas El pr\u00f3ximo d\u00eda 8 de octubre vamos a celebrar el&hellip;<\/p>\n","protected":false},"author":1,"featured_media":2173,"comment_status":"closed","ping_status":"closed","sticky":false,"template":"","format":"standard","meta":[],"categories":[18,8,1],"tags":[],"_links":{"self":[{"href":"https:\/\/anpeciudadreal.es\/index.php\/wp-json\/wp\/v2\/posts\/2171"}],"collection":[{"href":"https:\/\/anpeciudadreal.es\/index.php\/wp-json\/wp\/v2\/posts"}],"about":[{"href":"https:\/\/anpeciudadreal.es\/index.php\/wp-json\/wp\/v2\/types\/post"}],"author":[{"embeddable":true,"href":"https:\/\/anpeciudadreal.es\/index.php\/wp-json\/wp\/v2\/users\/1"}],"replies":[{"embeddable":true,"href":"https:\/\/anpeciudadreal.es\/index.php\/wp-json\/wp\/v2\/comments?post=2171"}],"version-history":[{"count":8,"href":"https:\/\/anpeciudadreal.es\/index.php\/wp-json\/wp\/v2\/posts\/2171\/revisions"}],"predecessor-version":[{"id":2182,"href":"https:\/\/anpeciudadreal.es\/index.php\/wp-json\/wp\/v2\/posts\/2171\/revisions\/2182"}],"wp:featuredmedia":[{"embeddable":true,"href":"https:\/\/anpeciudadreal.es\/index.php\/wp-json\/wp\/v2\/media\/2173"}],"wp:attachment":[{"href":"https:\/\/anpeciudadreal.es\/index.php\/wp-json\/wp\/v2\/media?parent=2171"}],"wp:term":[{"taxonomy":"category","embeddable":true,"href":"https:\/\/anpeciudadreal.es\/index.php\/wp-json\/wp\/v2\/categories?post=2171"},{"taxonomy":"post_tag","embeddable":true,"href":"https:\/\/anpeciudadreal.es\/index.php\/wp-json\/wp\/v2\/tags?post=2171"}],"curies":[{"name":"wp","href":"https:\/\/api.w.org\/{rel}","templated":true}]}}