{"id":2100,"date":"2022-09-28T19:18:36","date_gmt":"2022-09-28T18:18:36","guid":{"rendered":"https:\/\/anpeciudadreal.es\/?p=2100"},"modified":"2022-10-09T19:55:29","modified_gmt":"2022-10-09T18:55:29","slug":"por-el-cese-del-uso-partidista-de-la-educacion-anpe-se-manifiesta-ante-el-congreso","status":"publish","type":"post","link":"https:\/\/anpeciudadreal.es\/index.php\/2022\/09\/28\/por-el-cese-del-uso-partidista-de-la-educacion-anpe-se-manifiesta-ante-el-congreso\/","title":{"rendered":"POR EL CESE DEL USO PARTIDISTA DE LA EDUCACI\u00d3N. ANPE SE MANIFIESTA ANTE EL CONGRESO"},"content":{"rendered":"\t\t<div data-elementor-type=\"wp-post\" data-elementor-id=\"2100\" class=\"elementor elementor-2100\" data-elementor-settings=\"[]\">\n\t\t\t\t\t\t<div class=\"elementor-inner\">\n\t\t\t\t\t\t\t<div class=\"elementor-section-wrap\">\n\t\t\t\t\t\t\t<section class=\"penci-section penci-disSticky penci-structure-10 elementor-section elementor-top-section elementor-element elementor-element-8626ee7 elementor-section-boxed elementor-section-height-default elementor-section-height-default\" data-id=\"8626ee7\" data-element_type=\"section\">\n\t\t\t\t\t\t<div class=\"elementor-container elementor-column-gap-default\">\n\t\t\t\t\t\t\t<div class=\"elementor-row\">\n\t\t\t\t\t<div class=\"penci-ercol-100 penci-ercol-order-1 penci-sticky-ct  elementor-column elementor-col-100 elementor-top-column elementor-element elementor-element-4654dee\" data-id=\"4654dee\" data-element_type=\"column\">\n\t\t\t<div class=\"theiaStickySidebar elementor-column-wrap elementor-element-populated\">\n\t\t\t\t\t\t\t<div class=\"elementor-widget-wrap\">\n\t\t\t\t\t\t<div class=\"elementor-element elementor-element-84f56ab elementor-widget elementor-widget-text-editor\" data-id=\"84f56ab\" data-element_type=\"widget\" data-widget_type=\"text-editor.default\">\n\t\t\t\t<div class=\"elementor-widget-container\">\n\t\t\t\t\t<div class=\"elementor-text-editor elementor-clearfix\"><p>ANPE reivindica en las puertas del Congreso &#8216;-pol\u00edtica y +educaci\u00f3n&#8217;<\/p><p>Delegados del Sindicato Independiente ANPE se han concentrado ante el Congreso de los Diputados para manifestar el gran malestar y requerir urgentemente a todos los partidos pol\u00edticos all\u00ed representados que dejen de realizar un uso partidista e interesado de la educaci\u00f3n con el lema del manifiesto:<\/p><p>MENOS POL\u00cdTICA y M\u00c1S EDUCACI\u00d3N<\/p><p><img loading=\"lazy\" class=\"alignnone size-medium wp-image-2127\" src=\"https:\/\/anpeciudadreal.es\/wp-content\/uploads\/2022\/10\/ANPEMANIFESTACION3-1-300x225.jpg\" alt=\"\" width=\"300\" height=\"225\" srcset=\"https:\/\/anpeciudadreal.es\/wp-content\/uploads\/2022\/10\/ANPEMANIFESTACION3-1-300x225.jpg 300w, https:\/\/anpeciudadreal.es\/wp-content\/uploads\/2022\/10\/ANPEMANIFESTACION3-1-585x439.jpg 585w, https:\/\/anpeciudadreal.es\/wp-content\/uploads\/2022\/10\/ANPEMANIFESTACION3-1.jpg 680w\" sizes=\"(max-width: 300px) 100vw, 300px\" \/><\/p><p><img loading=\"lazy\" class=\"alignnone size-medium wp-image-2128\" src=\"https:\/\/anpeciudadreal.es\/wp-content\/uploads\/2022\/10\/ANPEMANIFESTACION4-300x225.jpg\" alt=\"\" width=\"300\" height=\"225\" srcset=\"https:\/\/anpeciudadreal.es\/wp-content\/uploads\/2022\/10\/ANPEMANIFESTACION4-300x225.jpg 300w, https:\/\/anpeciudadreal.es\/wp-content\/uploads\/2022\/10\/ANPEMANIFESTACION4-585x439.jpg 585w, https:\/\/anpeciudadreal.es\/wp-content\/uploads\/2022\/10\/ANPEMANIFESTACION4.jpg 680w\" sizes=\"(max-width: 300px) 100vw, 300px\" \/><\/p><p><img loading=\"lazy\" class=\"alignnone size-medium wp-image-2129\" src=\"https:\/\/anpeciudadreal.es\/wp-content\/uploads\/2022\/10\/ANPEMANIFESTACION6-300x208.jpg\" alt=\"\" width=\"300\" height=\"208\" srcset=\"https:\/\/anpeciudadreal.es\/wp-content\/uploads\/2022\/10\/ANPEMANIFESTACION6-300x208.jpg 300w, https:\/\/anpeciudadreal.es\/wp-content\/uploads\/2022\/10\/ANPEMANIFESTACION6-585x406.jpg 585w, https:\/\/anpeciudadreal.es\/wp-content\/uploads\/2022\/10\/ANPEMANIFESTACION6.jpg 680w\" sizes=\"(max-width: 300px) 100vw, 300px\" \/><\/p><p>\u00a0<\/p><p>Seg\u00fan declaraciones de Francisco Venzal\u00e1, presente nacional de ANPE: \u201cAhora m\u00e1s que nunca la educaci\u00f3n ha de ser una cuesti\u00f3n de Estado, nuestra sociedad se ve sometida a una grave crisis social y econ\u00f3mica \u201c<\/p><p>Asimismo, reiter\u00f3 \u201cla necesidad de trabajar hacia la consecuci\u00f3n, si no de un pacto educativo, al menos trabajar hasta alcanzar un acuerdo de m\u00ednimos sobre los que se sustente la verdadera y necesaria reforma que nuestro sistema educativo necesita, contando con la opini\u00f3n y la colaboraci\u00f3n activa del profesorado\u201d.<\/p><p>En esta concentraci\u00f3n se ha hecho entrega de este MANIFIESTO a todos los grupos parlamentarios para hacer visible la actual situaci\u00f3n que atraviesa nuestro sistema educativo en general y las condiciones profesionales y socio laborales del profesorado.<\/p><p>MANIFIESTO: MENOS POL\u00cdTICA y M\u00c1S EDUCACI\u00d3N<\/p><p>Desde hace a\u00f1os, el profesorado y el sistema educativo en Espa\u00f1a han soportado m\u00faltiples y reiterados cambios normativos. En los \u00faltimos 40 a\u00f1os, las leyes y normas en el \u00e1mbito educativo se modifican seg\u00fan el color pol\u00edtico del Gobierno de turno.<\/p><p>Ante esta situaci\u00f3n, ANPE ha manifestado en reiteradas ocasiones la necesidad de preservar la educaci\u00f3n de la permanente y cada vez mayor confrontaci\u00f3n pol\u00edtica e ideol\u00f3gica. Una educaci\u00f3n que es utilizada como arma arrojadiza entre las diferentes opciones pol\u00edticas y que lastran cualquier posibilidad de pacto o acuerdo que otorgue mejoras, estabilidad y perdurabilidad a nuestro sistema educativo y a las condiciones sociolaborales de los docentes.<\/p><p>Por ello, ANPE da un paso m\u00e1s y decidimos salir de nuevo a la calle para manifestar nuestro gran malestar ante el Congreso de los Diputados y requerir urgentemente a todos los partidos pol\u00edticos all\u00ed representados que dejen de realizar un uso partidista e interesado de la educaci\u00f3n.<br \/>ANPE se concentra hoy, 28 de septiembre a las 17:00 h. frente al Congreso de los Diputados para trasladar a nuestros representantes pol\u00edticos el hartazgo del colectivo docente y de gran parte de la sociedad ante una situaci\u00f3n que, lejos de remitir, tiende a alcanzar de forma progresiva mayores cotas de enfrentamiento, crispaci\u00f3n y desacuerdo.<\/p><p>La educaci\u00f3n ha de ser una cuesti\u00f3n de Estado y, ahora m\u00e1s que nunca, en unos momentos dif\u00edciles donde nuestra sociedad se ve sometida a una grave crisis social y econ\u00f3mica, es necesario altura de miras y situar la EDUCACI\u00d3N, con may\u00fasculas, como una verdadera prioridad en el centro de sus pol\u00edticas. Debemos garantizar el futuro de nuestro pa\u00eds y ello pasa por otorgar una buena formaci\u00f3n a nuestros j\u00f3venes. Es el momento de apartar diferencias y trabajar hacia la consecuci\u00f3n, si no de un pacto educativo, al menos trabajar hasta alcanzar un acuerdo de m\u00ednimos sobre los que se sustente la verdadera y necesaria reforma que necesita nuestro sistema educativo.<\/p><p>Para lograrlo, es imprescindible contar con la opini\u00f3n y la colaboraci\u00f3n activa del profesorado, los docentes representan el eje fundamental o piedra angular sobre la que pivota nuestra educaci\u00f3n. Un profesorado que ha sido el gran olvidado en las pasadas leyes educativas y lleva a\u00f1os demandando la dignificaci\u00f3n de la profesi\u00f3n y un avance y mejoras en la regulaci\u00f3n de nuestra profesi\u00f3n. Ya es hora de un Estatuto Docente que contemple desde el ingreso a la jubilaci\u00f3n del docente y establezca una carrera profesional motivadora.<\/p><p>El uso pol\u00edtico e ideol\u00f3gico de la educaci\u00f3n afecta enormemente al profesorado y fundamentalmente a la ense\u00f1anza p\u00fablica que es donde principalmente se focaliza ese enfrentamiento e injustamente acaba deteriorando la imagen de esta y de su profesorado. Un profesorado que soporta un progresivo aumento de tareas burocr\u00e1ticas y ratios elevadas, y una ense\u00f1anza p\u00fablica sometida a una f\u00e9rrea y permanente controversia medi\u00e1tica.<\/p><p>Por todo ello, ANPE quiere hacer visible a toda la sociedad y exige a todos los partidos pol\u00edticos la necesidad, ahora m\u00e1s que nunca, de MENOS POL\u00cdTICA y M\u00c1S EDUCACI\u00d3N.<\/p><\/div>\n\t\t\t\t<\/div>\n\t\t\t\t<\/div>\n\t\t\t\t\t\t<\/div>\n\t\t\t\t\t<\/div>\n\t\t<\/div>\n\t\t\t\t\t\t\t\t<\/div>\n\t\t\t\t\t<\/div>\n\t\t<\/section>\n\t\t\t\t\t\t<\/div>\n\t\t\t\t\t\t<\/div>\n\t\t\t\t\t<\/div>\n\t\t","protected":false},"excerpt":{"rendered":"<p>ANPE reivindica en las puertas del Congreso &#8216;-pol\u00edtica y +educaci\u00f3n&#8217;<\/p>\n","protected":false},"author":1,"featured_media":2121,"comment_status":"closed","ping_status":"closed","sticky":false,"template":"","format":"standard","meta":[],"categories":[18,2],"tags":[],"_links":{"self":[{"href":"https:\/\/anpeciudadreal.es\/index.php\/wp-json\/wp\/v2\/posts\/2100"}],"collection":[{"href":"https:\/\/anpeciudadreal.es\/index.php\/wp-json\/wp\/v2\/posts"}],"about":[{"href":"https:\/\/anpeciudadreal.es\/index.php\/wp-json\/wp\/v2\/types\/post"}],"author":[{"embeddable":true,"href":"https:\/\/anpeciudadreal.es\/index.php\/wp-json\/wp\/v2\/users\/1"}],"replies":[{"embeddable":true,"href":"https:\/\/anpeciudadreal.es\/index.php\/wp-json\/wp\/v2\/comments?post=2100"}],"version-history":[{"count":16,"href":"https:\/\/anpeciudadreal.es\/index.php\/wp-json\/wp\/v2\/posts\/2100\/revisions"}],"predecessor-version":[{"id":2132,"href":"https:\/\/anpeciudadreal.es\/index.php\/wp-json\/wp\/v2\/posts\/2100\/revisions\/2132"}],"wp:featuredmedia":[{"embeddable":true,"href":"https:\/\/anpeciudadreal.es\/index.php\/wp-json\/wp\/v2\/media\/2121"}],"wp:attachment":[{"href":"https:\/\/anpeciudadreal.es\/index.php\/wp-json\/wp\/v2\/media?parent=2100"}],"wp:term":[{"taxonomy":"category","embeddable":true,"href":"https:\/\/anpeciudadreal.es\/index.php\/wp-json\/wp\/v2\/categories?post=2100"},{"taxonomy":"post_tag","embeddable":true,"href":"https:\/\/anpeciudadreal.es\/index.php\/wp-json\/wp\/v2\/tags?post=2100"}],"curies":[{"name":"wp","href":"https:\/\/api.w.org\/{rel}","templated":true}]}}