{"id":2057,"date":"2022-10-05T18:21:10","date_gmt":"2022-10-05T17:21:10","guid":{"rendered":"https:\/\/anpeciudadreal.es\/?p=2057"},"modified":"2022-10-09T18:33:57","modified_gmt":"2022-10-09T17:33:57","slug":"ciudad-real-cuenta-con-una-placa-dedicada-a-los-docentes-tras-la-peticion-registrada-por-anpe","status":"publish","type":"post","link":"https:\/\/anpeciudadreal.es\/index.php\/2022\/10\/05\/ciudad-real-cuenta-con-una-placa-dedicada-a-los-docentes-tras-la-peticion-registrada-por-anpe\/","title":{"rendered":"Ciudad Real reconoce la labor y la dedicaci\u00f3n de los docentes tras petici\u00f3n de ANPECR"},"content":{"rendered":"\t\t<div data-elementor-type=\"wp-post\" data-elementor-id=\"2057\" class=\"elementor elementor-2057\" data-elementor-settings=\"[]\">\n\t\t\t\t\t\t<div class=\"elementor-inner\">\n\t\t\t\t\t\t\t<div class=\"elementor-section-wrap\">\n\t\t\t\t\t\t\t<section class=\"penci-section penci-disSticky penci-structure-10 elementor-section elementor-top-section elementor-element elementor-element-95c9e9d elementor-section-boxed elementor-section-height-default elementor-section-height-default\" data-id=\"95c9e9d\" data-element_type=\"section\">\n\t\t\t\t\t\t<div class=\"elementor-container elementor-column-gap-default\">\n\t\t\t\t\t\t\t<div class=\"elementor-row\">\n\t\t\t\t\t<div class=\"penci-ercol-100 penci-ercol-order-1 penci-sticky-ct  elementor-column elementor-col-100 elementor-top-column elementor-element elementor-element-deed604\" data-id=\"deed604\" data-element_type=\"column\">\n\t\t\t<div class=\"theiaStickySidebar elementor-column-wrap elementor-element-populated\">\n\t\t\t\t\t\t\t<div class=\"elementor-widget-wrap\">\n\t\t\t\t\t\t<div class=\"elementor-element elementor-element-6b2f344 elementor-widget elementor-widget-text-editor\" data-id=\"6b2f344\" data-element_type=\"widget\" data-widget_type=\"text-editor.default\">\n\t\t\t\t<div class=\"elementor-widget-container\">\n\t\t\t\t\t<div class=\"elementor-text-editor elementor-clearfix\"><p>El pasado 8 de febrero de este a\u00f1o ANPE registr\u00f3 ante el Ayuntamiento de Ciudad Real un escrito de petici\u00f3n de apoyo y reconocimiento a la labor docente del profesorado y en el D\u00eda Mundial de los docentes de 2022,\u00a0 5 de octubre,. En ANPE CIUDAD REAL celebramos que, por fin, nuestros compa\u00f1eros docentes de Ciudad Real, tenga su espacio en la capital. Un paso m\u00e1s hacia la dignificaci\u00f3n y el reconocimiento de nuestra profesi\u00f3n para llevar la educaci\u00f3n a todo el alumnado.<\/p><p>El entorno de la Facultad de Educaci\u00f3n de Ciudad Real cuenta, desde hoy, con placas conmemorativas a la dedicaci\u00f3n de la profesi\u00f3n docente, siendo la primera capital que dedica un espacio a este colectivo profesional. Una reivindicaci\u00f3n de ANPE que en el Consejo Social de la Ciudad se aprob\u00f3 de forma un\u00e1nime. El acto, que se ha celebrado el d\u00eda que se conmemora el D\u00eda Mundial del Docente, 5 de octubre, ha contado con la presencia de la alcaldesa de Ciudad Real, Eva Mar\u00eda Mas\u00edas, el concejal de Educaci\u00f3n y Cultura, Nacho S\u00e1nchez, la concejala de Participaci\u00f3n Ciudadana, Sara Mart\u00ednez, la presidenta de ANPE Ciudad Real, M\u00f3nica S\u00e1nchez de la Nieta, miembros de la Facultad de Educaci\u00f3n de Ciudad Real, una amplia representaci\u00f3n de la Corporaci\u00f3n Municipal y de los profesionales del sector<\/p><p>\u201cEs un placer y un orgullo para nosotros ser la primera capital de provincia que cuenta con un espacio dedicado a este colectivo y qu\u00e9 mejor d\u00eda que hoy 5 de octubre. Por ello queremos agradecer, no s\u00f3lo a nuestros compa\u00f1eros su compromiso, labor, entrega, paciencia y vocaci\u00f3n, sino al Ayuntamiento de Ciudad Real, por haber valorado y aceptado nuestra petici\u00f3n y as\u00ed contribuir al reconocimiento y dignificaci\u00f3n de la labor docente\u201d comenta la presidenta del sindicato mayoritario de la educaci\u00f3n p\u00fablica y finaliza \u201cel lema elegido por la UNESCO para este 5 de octubre es el de \u201cLa transformaci\u00f3n de la educaci\u00f3n comienza con los docentes\u201d y en el d\u00eda de hoy, en los actos organizados por esta organizaci\u00f3n se discutir\u00e1 la necesidad de garantizar las condiciones de trabajo de los docentes como el acceso a oportunidades de desarrollo profesional y reconocimiento de su estatus profesional, para as\u00ed avanzar hacia sistemas educativos m\u00e1s resilientes\u201d.<\/p><p>El lugar elegido para homenajear con dos placas, una para las docentes y otra para los docentes, se coloccar\u00e1n en la calle Vicente Aleixandre.<\/p><\/div>\n\t\t\t\t<\/div>\n\t\t\t\t<\/div>\n\t\t\t\t\t\t<\/div>\n\t\t\t\t\t<\/div>\n\t\t<\/div>\n\t\t\t\t\t\t\t\t<\/div>\n\t\t\t\t\t<\/div>\n\t\t<\/section>\n\t\t\t\t\t\t<\/div>\n\t\t\t\t\t\t<\/div>\n\t\t\t\t\t<\/div>\n\t\t","protected":false},"excerpt":{"rendered":"<p>Gracias a ANPECR, Ciudad REal es  la primera capital de provincia que cuenta con un espacio dedicado a dignificaci\u00f3n de las y los docentes.<\/p>\n","protected":false},"author":1,"featured_media":2059,"comment_status":"closed","ping_status":"closed","sticky":false,"template":"","format":"standard","meta":[],"categories":[18,2],"tags":[],"_links":{"self":[{"href":"https:\/\/anpeciudadreal.es\/index.php\/wp-json\/wp\/v2\/posts\/2057"}],"collection":[{"href":"https:\/\/anpeciudadreal.es\/index.php\/wp-json\/wp\/v2\/posts"}],"about":[{"href":"https:\/\/anpeciudadreal.es\/index.php\/wp-json\/wp\/v2\/types\/post"}],"author":[{"embeddable":true,"href":"https:\/\/anpeciudadreal.es\/index.php\/wp-json\/wp\/v2\/users\/1"}],"replies":[{"embeddable":true,"href":"https:\/\/anpeciudadreal.es\/index.php\/wp-json\/wp\/v2\/comments?post=2057"}],"version-history":[{"count":10,"href":"https:\/\/anpeciudadreal.es\/index.php\/wp-json\/wp\/v2\/posts\/2057\/revisions"}],"predecessor-version":[{"id":2068,"href":"https:\/\/anpeciudadreal.es\/index.php\/wp-json\/wp\/v2\/posts\/2057\/revisions\/2068"}],"wp:featuredmedia":[{"embeddable":true,"href":"https:\/\/anpeciudadreal.es\/index.php\/wp-json\/wp\/v2\/media\/2059"}],"wp:attachment":[{"href":"https:\/\/anpeciudadreal.es\/index.php\/wp-json\/wp\/v2\/media?parent=2057"}],"wp:term":[{"taxonomy":"category","embeddable":true,"href":"https:\/\/anpeciudadreal.es\/index.php\/wp-json\/wp\/v2\/categories?post=2057"},{"taxonomy":"post_tag","embeddable":true,"href":"https:\/\/anpeciudadreal.es\/index.php\/wp-json\/wp\/v2\/tags?post=2057"}],"curies":[{"name":"wp","href":"https:\/\/api.w.org\/{rel}","templated":true}]}}