{"id":2036,"date":"2022-10-07T13:24:40","date_gmt":"2022-10-07T12:24:40","guid":{"rendered":"https:\/\/anpeciudadreal.es\/?p=2036"},"modified":"2022-10-09T17:32:28","modified_gmt":"2022-10-09T16:32:28","slug":"charla-integracion-fp-en-secundaria","status":"publish","type":"post","link":"https:\/\/anpeciudadreal.es\/index.php\/2022\/10\/07\/charla-integracion-fp-en-secundaria\/","title":{"rendered":"ACCESO CHARLA INTEGRACI\u00d3N FP EN SECUNDARIA. Aclaraciones y novedades"},"content":{"rendered":"\t\t<div data-elementor-type=\"wp-post\" data-elementor-id=\"2036\" class=\"elementor elementor-2036\" data-elementor-settings=\"[]\">\n\t\t\t\t\t\t<div class=\"elementor-inner\">\n\t\t\t\t\t\t\t<div class=\"elementor-section-wrap\">\n\t\t\t\t\t\t\t<section class=\"penci-section penci-disSticky penci-structure-10 elementor-section elementor-top-section elementor-element elementor-element-835f670 elementor-section-boxed elementor-section-height-default elementor-section-height-default\" data-id=\"835f670\" data-element_type=\"section\">\n\t\t\t\t\t\t<div class=\"elementor-container elementor-column-gap-default\">\n\t\t\t\t\t\t\t<div class=\"elementor-row\">\n\t\t\t\t\t<div class=\"penci-ercol-100 penci-ercol-order-1 penci-sticky-ct  elementor-column elementor-col-100 elementor-top-column elementor-element elementor-element-7bc5252\" data-id=\"7bc5252\" data-element_type=\"column\">\n\t\t\t<div class=\"theiaStickySidebar elementor-column-wrap elementor-element-populated\">\n\t\t\t\t\t\t\t<div class=\"elementor-widget-wrap\">\n\t\t\t\t\t\t<div class=\"elementor-element elementor-element-708ea31 elementor-widget elementor-widget-text-editor\" data-id=\"708ea31\" data-element_type=\"widget\" data-widget_type=\"text-editor.default\">\n\t\t\t\t<div class=\"elementor-widget-container\">\n\t\t\t\t\t<div class=\"elementor-text-editor elementor-clearfix\"><p>Charla Telem\u00e1tica RD800\/2022 integraci\u00f3n del profesorado de FP en Secundaria. Novedades y Aclaraciones<\/p><\/div>\n\t\t\t\t<\/div>\n\t\t\t\t<\/div>\n\t\t\t\t\t\t<\/div>\n\t\t\t\t\t<\/div>\n\t\t<\/div>\n\t\t\t\t\t\t\t\t<\/div>\n\t\t\t\t\t<\/div>\n\t\t<\/section>\n\t\t\t\t<section class=\"penci-section penci-disSticky penci-structure-10 elementor-section elementor-top-section elementor-element elementor-element-511304e elementor-section-boxed elementor-section-height-default elementor-section-height-default\" data-id=\"511304e\" data-element_type=\"section\">\n\t\t\t\t\t\t<div class=\"elementor-container elementor-column-gap-default\">\n\t\t\t\t\t\t\t<div class=\"elementor-row\">\n\t\t\t\t\t<div class=\"penci-ercol-100 penci-ercol-order-1 penci-sticky-ct  elementor-column elementor-col-100 elementor-top-column elementor-element elementor-element-40bfe50\" data-id=\"40bfe50\" data-element_type=\"column\">\n\t\t\t<div class=\"theiaStickySidebar elementor-column-wrap elementor-element-populated\">\n\t\t\t\t\t\t\t<div class=\"elementor-widget-wrap\">\n\t\t\t\t\t\t<div class=\"elementor-element elementor-element-4102c4a elementor-widget elementor-widget-text-editor\" data-id=\"4102c4a\" data-element_type=\"widget\" data-widget_type=\"text-editor.default\">\n\t\t\t\t<div class=\"elementor-widget-container\">\n\t\t\t\t\t<div class=\"elementor-text-editor elementor-clearfix\"><p><strong>ANPE Organiza esta Charla Telem\u00e1tica<\/strong>\u00a0para su an\u00e1lisis, aclaraciones y resoluci\u00f3n\u00a0 de dudas respecto al procedimiento y modificaciones que introduce.<\/p><h2><strong>Te esperamos en la CHARLA\u00a0<\/strong><strong style=\"color: var( --e-global-color-text ); font-family: var( --e-global-typography-text-font-family ), Sans-serif;\">el lunes 10 de octubre de 2022 a las 17:00 horas con tan solo <\/strong><strong style=\"color: var( --e-global-color-text ); font-family: var( --e-global-typography-text-font-family ), Sans-serif;\"><a href=\"https:\/\/servicios.anpecastillalamancha.es\/charla-telematica-rd800-2022-integracion-del-profesorado-de-fp-en-secundaria-novedades-y-aclaraciones\/\" target=\"_blank\" rel=\"noopener\">pinchar aqu\u00ed en WEB CHARLAS TELEM\u00c1TICAS DE ANPE-CLM pinchando AQU\u00cd<\/a><\/strong><\/h2><p>\u00a0<\/p><p><em><strong>NOTA<\/strong>:\u00a0\u00a0<strong>Recuerda recargar la p\u00e1gina<\/strong>\u00a0a la hora del evento (pulsando F5 o el icono de recarga en tu navegador). P<\/em><em>ara poder intervenir en el chat en directo y plantear tus dudas, necesitar\u00e1s abrir sesi\u00f3n en una cuenta de google (gmail). Si no tienes cuenta de gmail puedes crear una\u00a0<strong>gratuitamente<\/strong>\u00a0en\u00a0<a href=\"http:\/\/mail.google.com\/\">mail.google.com<\/a><\/em><\/p><\/div>\n\t\t\t\t<\/div>\n\t\t\t\t<\/div>\n\t\t\t\t\t\t<\/div>\n\t\t\t\t\t<\/div>\n\t\t<\/div>\n\t\t\t\t\t\t\t\t<\/div>\n\t\t\t\t\t<\/div>\n\t\t<\/section>\n\t\t\t\t\t\t<\/div>\n\t\t\t\t\t\t<\/div>\n\t\t\t\t\t<\/div>\n\t\t","protected":false},"excerpt":{"rendered":"<p>Charla Telem\u00e1tica RD800\/2022 integraci\u00f3n del profesorado de FP en Secundaria. Novedades y Aclaraciones<\/p>\n","protected":false},"author":1,"featured_media":2038,"comment_status":"closed","ping_status":"closed","sticky":false,"template":"","format":"standard","meta":[],"categories":[4,7,18],"tags":[],"_links":{"self":[{"href":"https:\/\/anpeciudadreal.es\/index.php\/wp-json\/wp\/v2\/posts\/2036"}],"collection":[{"href":"https:\/\/anpeciudadreal.es\/index.php\/wp-json\/wp\/v2\/posts"}],"about":[{"href":"https:\/\/anpeciudadreal.es\/index.php\/wp-json\/wp\/v2\/types\/post"}],"author":[{"embeddable":true,"href":"https:\/\/anpeciudadreal.es\/index.php\/wp-json\/wp\/v2\/users\/1"}],"replies":[{"embeddable":true,"href":"https:\/\/anpeciudadreal.es\/index.php\/wp-json\/wp\/v2\/comments?post=2036"}],"version-history":[{"count":9,"href":"https:\/\/anpeciudadreal.es\/index.php\/wp-json\/wp\/v2\/posts\/2036\/revisions"}],"predecessor-version":[{"id":2046,"href":"https:\/\/anpeciudadreal.es\/index.php\/wp-json\/wp\/v2\/posts\/2036\/revisions\/2046"}],"wp:featuredmedia":[{"embeddable":true,"href":"https:\/\/anpeciudadreal.es\/index.php\/wp-json\/wp\/v2\/media\/2038"}],"wp:attachment":[{"href":"https:\/\/anpeciudadreal.es\/index.php\/wp-json\/wp\/v2\/media?parent=2036"}],"wp:term":[{"taxonomy":"category","embeddable":true,"href":"https:\/\/anpeciudadreal.es\/index.php\/wp-json\/wp\/v2\/categories?post=2036"},{"taxonomy":"post_tag","embeddable":true,"href":"https:\/\/anpeciudadreal.es\/index.php\/wp-json\/wp\/v2\/tags?post=2036"}],"curies":[{"name":"wp","href":"https:\/\/api.w.org\/{rel}","templated":true}]}}